{"id":3484,"date":"2022-02-18T12:27:18","date_gmt":"2022-02-18T12:27:18","guid":{"rendered":"https:\/\/www.eurekers.com\/cursosbolsa\/?p=3484"},"modified":"2022-03-02T08:24:07","modified_gmt":"2022-03-02T08:24:07","slug":"espana-se-aferra-al-modelo-720","status":"publish","type":"post","link":"https:\/\/www.eurekers.com\/cursosbolsa\/espana-se-aferra-al-modelo-720","title":{"rendered":"Espa\u00f1a se aferra al modelo 720"},"content":{"rendered":"\r\n<p>Hace unas semanas os estuvimos informando acerca del modelo 720 y c\u00f3mo despu\u00e9s de 10 a\u00f1os peleando, el Tribunal de Justicia de la Uni\u00f3n Europea (TJUE), fall\u00f3 a favor de <a href=\"https:\/\/www.eurekers.com\/cursosbolsa\/europa-tumba-el-modelo-720\"><strong>eliminar todas las sanciones desproporcionadas<\/strong><\/a>, \u201cya que atentaban contra la libre circulaci\u00f3n de capitales a trav\u00e9s de la UE\u201d. De hecho, seg\u00fan datos de algunos despachos de abogados, estas sanciones llegaron a afectar hasta a 30.000 personas. Y no es para menos, el modelo 720 contemplaba penalizaciones de hasta 10.000 euros en caso de omisi\u00f3n de alg\u00fan tipo de informaci\u00f3n, adem\u00e1s de una sanci\u00f3n del 150% sobre el tramo tributario correspondiente del IRPF.<\/p>\r\n\r\n\r\n\r\n<figure class=\"wp-block-embed aligncenter is-type-video is-provider-youtube wp-block-embed-youtube wp-embed-aspect-16-9 wp-has-aspect-ratio\">\r\n<div class=\"wp-block-embed__wrapper\">https:\/\/www.youtube.com\/watch?v=7WIAlVERT-w&amp;t=1s&amp;ab_channel=Eurekers<\/div>\r\n<\/figure>\r\n\r\n\r\n\r\n<p>As\u00ed pues, despu\u00e9s de varias semanas de incertidumbre acerca de si este modelo seguir\u00eda siendo necesario o si se van a devolver las sanciones pagadas, ya tenemos nuevas noticias acerca de c\u00f3mo ser\u00e1 el modelo 720 para los pr\u00f3ximos a\u00f1os. Por tanto, si quieres saber c\u00f3mo va a ser el nuevo modelo, sigue leyendo.<\/p>\r\n\r\n\r\n\r\n<h2 class=\"wp-block-heading\">El modelo 720 seguir\u00e1 siendo de obligatorio cumplimiento<\/h2>\r\n\r\n\r\n\r\n<p>Efectivamente, la Uni\u00f3n Europea ha tumbado las sanciones desproporcionadas con respecto a otro tipo de sanciones econ\u00f3micas que recoge nuestro C\u00f3digo de Comercio. Pero en ning\u00fan caso hab\u00eda declarado nula la existencia de dicho modelo, que recordemos solo es informativo.<\/p>\r\n\r\n\r\n\r\n<p>De esta forma, todo <strong>ciudadano residente en<\/strong> <strong>Espa\u00f1a, tendr\u00e1 que seguir presentando el modelo 720, antes del 31 de marzo de 2022<\/strong> en caso de disponer de inversiones de capital (en bolsa, otros activos financieros, inmuebles\u2026) valoradas en m\u00e1s de 50.000\u20ac y no declaradas en el extranjero en lo referente al ejercicio de 2021. Si as\u00ed lo deseas, puedes acceder al modelo 720, haciendo clic <a href=\"https:\/\/sede.agenciatributaria.gob.es\/Sede\/procedimientoini\/GI34.shtml\">aqu\u00ed<\/a>.<\/p>\r\n\r\n\r\n\r\n<h2 class=\"wp-block-heading\">Se aplicar\u00e1 un periodo de prescripci\u00f3n m\u00e1ximo de 4 a\u00f1os para la presentaci\u00f3n del modelo 720<\/h2>\r\n\r\n\r\n\r\n<p>Uno de los muchos abusos que inclu\u00eda el modelo 720 era que permit\u00eda la imposici\u00f3n de sanciones con car\u00e1cter retroactivo ilimitado. Esto quiere decir que en caso de que tuvieras una casa en el extranjero y en su d\u00eda se te olvidara declararla y despu\u00e9s no la hubieras declarado por miedo a recibir una de las abusivas sanciones del fisco espa\u00f1ol, Hacienda pod\u00eda penalizarte con independencia de cuando hubiese sido ese incremento patrimonial. Pero peor a\u00fan, si lo declarabas 2 a\u00f1os despu\u00e9s de buena fe, para regularizar tu situaci\u00f3n, tambi\u00e9n cargabas con las sanciones y multas ya mencionadas por ganancia injustificada de capital. Un aut\u00e9ntico disparate.<\/p>\r\n\r\n\r\n\r\n<p>Tras el fallo del TJE, a partir de ahora <strong>el Ministerio de Hacienda fija el periodo de retroactividad a cuatro a\u00f1os<\/strong>. Por tanto, es recomendable <strong>que cualquier persona que antes de 2018 haya tenido un incremento patrimonial en el extranjero superior a 50.000\u20ac, regularice su situaci\u00f3n, ya que no ser\u00e1 penado<\/strong> (en absoluto). En otras palabras, Hacienda est\u00e1 obligada a permitir una especie de amnist\u00eda fiscal.<\/p>\r\n\r\n\r\n\r\n<h2 class=\"wp-block-heading\">Se eliminar\u00e1n las sanciones \u201cdesproporcionadas\u201d del modelo 720<\/h2>\r\n\r\n\r\n\r\n<p>Como ya hemos apuntado, otro punto cr\u00edtico donde la sentencia de TJE no dejaba lugar a equ\u00edvocos o malinterpretaciones, era el tema de las autoritarias sanciones que se pon\u00edan sobre los ciudadanos residentes en Espa\u00f1a.<\/p>\r\n\r\n\r\n\r\n<p>En consecuencia, estas pod\u00edan abarcar desde penas m\u00e1ximas de 5.000\u20ac hasta sanciones de 10.000\u20ac por incumplimiento, error u omisi\u00f3n de informaci\u00f3n, adem\u00e1s de una multa extraordinaria de hasta un 150% sobre el tramo de IRPF, en el que tocase tributar. Un absoluto esc\u00e1ndalo, ya que se pod\u00eda llegar a absurdos en los que el Estado, en caso de no declarar algo que tuvieras en el extranjero, te acabara reclamando m\u00e1s de lo que ten\u00edas.<\/p>\r\n\r\n\r\n\r\n<p>As\u00ed pues, <strong>quedan anuladas todas las penalizaciones<\/strong> de la siguiente forma:<\/p>\r\n\r\n\r\n\r\n<ul class=\"wp-block-list\">\r\n<li><strong>Todos los afectados por las sanciones del modelo 720<\/strong> que hayan recurrido <strong>quedan autom\u00e1ticamente despenalizados de las mismas.<\/strong><\/li>\r\n<li><strong>Aquellos que las pagaron de buena fe podr\u00e1n solicitar la devoluci\u00f3n de dicho dinero<\/strong>.<\/li>\r\n<li>En cualquier caso, y para ambos escenarios es recomendable que, aunque los afectados ya puedan empezar a dormir tranquilos, hablen todos estos temas con sus respectivas gestor\u00edas.<\/li>\r\n<\/ul>\r\n\r\n\r\n\r\n<h2 class=\"wp-block-heading\">\u00bfExistir\u00e1n nuevas sanciones por incumplimiento del modelo 720?<\/h2>\r\n\r\n\r\n\r\n<p>Nuevamente, volvemos a remarcar que el hecho de que se hayan eliminado las sanciones desproporcionadas del modelo 720, no quiere decir que deje de ser obligatorio.<\/p>\r\n\r\n\r\n\r\n<p>Efectivamente <strong>el modelo 720 continua siendo obligatorio<\/strong>, <strong>por lo que en caso de no presentarl<\/strong>o, presentarlo incorrectamente o con datos omitidos, <strong>seguir\u00e1 siendo penado por la Agencia Estatal de la Administraci\u00f3n Tributaria Espa\u00f1ola.<\/strong> Lo que s\u00ed que var\u00eda es la cuant\u00eda de las sanciones, que pasar\u00e1n a ser sanciones m\u00e1s justas o equitativas con respecto a otros puntos similares de omisi\u00f3n de declaraci\u00f3n de bienes de nuestro C\u00f3digo de Comercio.<\/p>\r\n\r\n\r\n\r\n<p>Con todo<strong>, las sanciones por omisi\u00f3n de informaci\u00f3n, pasar\u00e1n a ser de entre 150\u20ac y 250\u20ac,<\/strong> de acuerdo con el R\u00e9gimen General del IRPF. Una reducci\u00f3n de m\u00e1s del 3.000%.<\/p>\r\n\r\n\r\n\r\n<p>En definitiva, no debemos juzgar positivamente estas reducciones de la pena y cuotas de sanciones, as\u00ed como la aplicaci\u00f3n de un nuevo periodo de prescripci\u00f3n de 4 a\u00f1os. Todo lo contrario, durante casi 10 a\u00f1os Hacienda ha estado atemorizando a muchos residentes en Espa\u00f1a, haci\u00e9ndoles creer que no solo iban a perder su patrimonio, sino que adem\u00e1s se iban a quedar endeudados por cantidades realmente altas. Una situaci\u00f3n de la que nuestros pol\u00edticos de ambos arcos ideol\u00f3gicos se han estado aprovechando hasta que Europa ha dicho basta.\u00a0No lo olvidemos jam\u00e1s. \u00a0<\/p>\r\n","protected":false},"excerpt":{"rendered":"<p>Espa\u00f1a se aferra al modelo 720 | Tras la sentencia del TJUE sobre el modelo, seguir\u00e1 siendo obligatorio presentarlo | Todos los detalles aqu\u00ed<\/p>\n","protected":false},"author":14,"featured_media":3486,"comment_status":"open","ping_status":"closed","sticky":false,"template":"","format":"standard","meta":{"_joinchat":[],"footnotes":""},"categories":[210],"tags":[64,189,377,379,380],"class_list":["post-3484","post","type-post","status-publish","format-standard","has-post-thumbnail","hentry","category-invertir-en-bolsa","tag-hacienda","tag-invertir","tag-modelo-720","tag-espana","tag-europa"],"yoast_head":"<!-- This site is optimized with the Yoast SEO plugin v25.5 - https:\/\/yoast.com\/wordpress\/plugins\/seo\/ -->\n<title>Espa\u00f1a se aferra al modelo 720 - Eurekers<\/title>\n<meta name=\"description\" content=\"Espa\u00f1a se aferra al modelo 720 | Tras la sentencia del TJUE sobre el modelo, seguir\u00e1 siendo obligatorio presentarlo | Todos los detalles aqu\u00ed\" \/>\n<meta name=\"robots\" content=\"index, follow, max-snippet:-1, max-image-preview:large, max-video-preview:-1\" \/>\n<link rel=\"canonical\" href=\"https:\/\/www.eurekers.com\/cursosbolsa\/espana-se-aferra-al-modelo-720\" \/>\n<meta property=\"og:locale\" content=\"es_ES\" \/>\n<meta property=\"og:type\" content=\"article\" \/>\n<meta property=\"og:title\" content=\"Espa\u00f1a se aferra al modelo 720 - Eurekers\" \/>\n<meta property=\"og:description\" content=\"Espa\u00f1a se aferra al modelo 720 | Tras la sentencia del TJUE sobre el modelo, seguir\u00e1 siendo obligatorio presentarlo | Todos los detalles aqu\u00ed\" \/>\n<meta property=\"og:url\" content=\"https:\/\/www.eurekers.com\/cursosbolsa\/espana-se-aferra-al-modelo-720\" \/>\n<meta property=\"og:site_name\" content=\"Blog de Bolsa - Eurekers\" \/>\n<meta property=\"article:publisher\" content=\"https:\/\/www.facebook.com\/eurekersbolsa\" \/>\n<meta property=\"article:published_time\" content=\"2022-02-18T12:27:18+00:00\" \/>\n<meta property=\"article:modified_time\" content=\"2022-03-02T08:24:07+00:00\" \/>\n<meta property=\"og:image\" content=\"https:\/\/www.eurekers.com\/cursosbolsa\/wp-content\/uploads\/2022\/02\/Espana-se-aferra-al-modelo-720.png\" \/>\n\t<meta property=\"og:image:width\" content=\"726\" \/>\n\t<meta property=\"og:image:height\" content=\"275\" \/>\n\t<meta property=\"og:image:type\" content=\"image\/png\" \/>\n<meta name=\"author\" content=\"Jos\u00e9 Vicente\" \/>\n<meta name=\"twitter:card\" content=\"summary_large_image\" \/>\n<meta name=\"twitter:creator\" content=\"@eurekersbolsa\" \/>\n<meta name=\"twitter:site\" content=\"@eurekersbolsa\" \/>\n<meta name=\"twitter:label1\" content=\"Escrito por\" \/>\n\t<meta name=\"twitter:data1\" content=\"Jos\u00e9 Vicente\" \/>\n\t<meta name=\"twitter:label2\" content=\"Tiempo de lectura\" \/>\n\t<meta name=\"twitter:data2\" content=\"5 minutos\" \/>\n<script type=\"application\/ld+json\" class=\"yoast-schema-graph\">{\"@context\":\"https:\/\/schema.org\",\"@graph\":[{\"@type\":\"Article\",\"@id\":\"https:\/\/www.eurekers.com\/cursosbolsa\/espana-se-aferra-al-modelo-720#article\",\"isPartOf\":{\"@id\":\"https:\/\/www.eurekers.com\/cursosbolsa\/espana-se-aferra-al-modelo-720\"},\"author\":{\"name\":\"Jos\u00e9 Vicente\",\"@id\":\"https:\/\/www.eurekers.com\/cursosbolsa\/#\/schema\/person\/e8c39211cab2b01cdeeb3ca6855832fc\"},\"headline\":\"Espa\u00f1a se aferra al modelo 720\",\"datePublished\":\"2022-02-18T12:27:18+00:00\",\"dateModified\":\"2022-03-02T08:24:07+00:00\",\"mainEntityOfPage\":{\"@id\":\"https:\/\/www.eurekers.com\/cursosbolsa\/espana-se-aferra-al-modelo-720\"},\"wordCount\":949,\"commentCount\":0,\"publisher\":{\"@id\":\"https:\/\/www.eurekers.com\/cursosbolsa\/#organization\"},\"image\":{\"@id\":\"https:\/\/www.eurekers.com\/cursosbolsa\/espana-se-aferra-al-modelo-720#primaryimage\"},\"thumbnailUrl\":\"https:\/\/www.eurekers.com\/cursosbolsa\/wp-content\/uploads\/2022\/02\/Espana-se-aferra-al-modelo-720.png\",\"keywords\":[\"hacienda\",\"invertir\",\"modelo 720\",\"Espa\u00f1a\",\"Europa\"],\"articleSection\":[\"Invertir en bolsa\"],\"inLanguage\":\"es\",\"potentialAction\":[{\"@type\":\"CommentAction\",\"name\":\"Comment\",\"target\":[\"https:\/\/www.eurekers.com\/cursosbolsa\/espana-se-aferra-al-modelo-720#respond\"]}]},{\"@type\":\"WebPage\",\"@id\":\"https:\/\/www.eurekers.com\/cursosbolsa\/espana-se-aferra-al-modelo-720\",\"url\":\"https:\/\/www.eurekers.com\/cursosbolsa\/espana-se-aferra-al-modelo-720\",\"name\":\"Espa\u00f1a se aferra al modelo 720 - Eurekers\",\"isPartOf\":{\"@id\":\"https:\/\/www.eurekers.com\/cursosbolsa\/#website\"},\"primaryImageOfPage\":{\"@id\":\"https:\/\/www.eurekers.com\/cursosbolsa\/espana-se-aferra-al-modelo-720#primaryimage\"},\"image\":{\"@id\":\"https:\/\/www.eurekers.com\/cursosbolsa\/espana-se-aferra-al-modelo-720#primaryimage\"},\"thumbnailUrl\":\"https:\/\/www.eurekers.com\/cursosbolsa\/wp-content\/uploads\/2022\/02\/Espana-se-aferra-al-modelo-720.png\",\"datePublished\":\"2022-02-18T12:27:18+00:00\",\"dateModified\":\"2022-03-02T08:24:07+00:00\",\"description\":\"Espa\u00f1a se aferra al modelo 720 | Tras la sentencia del TJUE sobre el modelo, seguir\u00e1 siendo obligatorio presentarlo | Todos los detalles aqu\u00ed\",\"breadcrumb\":{\"@id\":\"https:\/\/www.eurekers.com\/cursosbolsa\/espana-se-aferra-al-modelo-720#breadcrumb\"},\"inLanguage\":\"es\",\"potentialAction\":[{\"@type\":\"ReadAction\",\"target\":[\"https:\/\/www.eurekers.com\/cursosbolsa\/espana-se-aferra-al-modelo-720\"]}]},{\"@type\":\"ImageObject\",\"inLanguage\":\"es\",\"@id\":\"https:\/\/www.eurekers.com\/cursosbolsa\/espana-se-aferra-al-modelo-720#primaryimage\",\"url\":\"https:\/\/www.eurekers.com\/cursosbolsa\/wp-content\/uploads\/2022\/02\/Espana-se-aferra-al-modelo-720.png\",\"contentUrl\":\"https:\/\/www.eurekers.com\/cursosbolsa\/wp-content\/uploads\/2022\/02\/Espana-se-aferra-al-modelo-720.png\",\"width\":726,\"height\":275,\"caption\":\"Espa\u00f1a se aferra al modelo 720\"},{\"@type\":\"BreadcrumbList\",\"@id\":\"https:\/\/www.eurekers.com\/cursosbolsa\/espana-se-aferra-al-modelo-720#breadcrumb\",\"itemListElement\":[{\"@type\":\"ListItem\",\"position\":1,\"name\":\"Portada\",\"item\":\"https:\/\/www.eurekers.com\/cursosbolsa\/\"},{\"@type\":\"ListItem\",\"position\":2,\"name\":\"Espa\u00f1a se aferra al modelo 720\"}]},{\"@type\":\"WebSite\",\"@id\":\"https:\/\/www.eurekers.com\/cursosbolsa\/#website\",\"url\":\"https:\/\/www.eurekers.com\/cursosbolsa\/\",\"name\":\"Blog de Bolsa - Eurekers\",\"description\":\"Formaci\u00f3n y Comunidad de Bolsa\",\"publisher\":{\"@id\":\"https:\/\/www.eurekers.com\/cursosbolsa\/#organization\"},\"potentialAction\":[{\"@type\":\"SearchAction\",\"target\":{\"@type\":\"EntryPoint\",\"urlTemplate\":\"https:\/\/www.eurekers.com\/cursosbolsa\/?s={search_term_string}\"},\"query-input\":{\"@type\":\"PropertyValueSpecification\",\"valueRequired\":true,\"valueName\":\"search_term_string\"}}],\"inLanguage\":\"es\"},{\"@type\":\"Organization\",\"@id\":\"https:\/\/www.eurekers.com\/cursosbolsa\/#organization\",\"name\":\"Eurekers.com\",\"url\":\"https:\/\/www.eurekers.com\/cursosbolsa\/\",\"logo\":{\"@type\":\"ImageObject\",\"inLanguage\":\"es\",\"@id\":\"https:\/\/www.eurekers.com\/cursosbolsa\/#\/schema\/logo\/image\/\",\"url\":\"https:\/\/www.eurekers.com\/cursosbolsa\/wp-content\/uploads\/2018\/10\/Anagrama.png\",\"contentUrl\":\"https:\/\/www.eurekers.com\/cursosbolsa\/wp-content\/uploads\/2018\/10\/Anagrama.png\",\"width\":296,\"height\":274,\"caption\":\"Eurekers.com\"},\"image\":{\"@id\":\"https:\/\/www.eurekers.com\/cursosbolsa\/#\/schema\/logo\/image\/\"},\"sameAs\":[\"https:\/\/www.facebook.com\/eurekersbolsa\",\"https:\/\/x.com\/eurekersbolsa\",\"https:\/\/www.instagram.com\/eurekers\/\"]},{\"@type\":\"Person\",\"@id\":\"https:\/\/www.eurekers.com\/cursosbolsa\/#\/schema\/person\/e8c39211cab2b01cdeeb3ca6855832fc\",\"name\":\"Jos\u00e9 Vicente\",\"image\":{\"@type\":\"ImageObject\",\"inLanguage\":\"es\",\"@id\":\"https:\/\/www.eurekers.com\/cursosbolsa\/#\/schema\/person\/image\/\",\"url\":\"https:\/\/secure.gravatar.com\/avatar\/bf1cbfd7fa8048502d55adb2eec79976?s=96&d=wp_user_avatar&r=g\",\"contentUrl\":\"https:\/\/secure.gravatar.com\/avatar\/bf1cbfd7fa8048502d55adb2eec79976?s=96&d=wp_user_avatar&r=g\",\"caption\":\"Jos\u00e9 Vicente\"},\"url\":\"https:\/\/www.eurekers.com\/cursosbolsa\/author\/josevi\"}]}<\/script>\n<!-- \/ Yoast SEO plugin. -->","yoast_head_json":{"title":"Espa\u00f1a se aferra al modelo 720 - Eurekers","description":"Espa\u00f1a se aferra al modelo 720 | Tras la sentencia del TJUE sobre el modelo, seguir\u00e1 siendo obligatorio presentarlo | Todos los detalles aqu\u00ed","robots":{"index":"index","follow":"follow","max-snippet":"max-snippet:-1","max-image-preview":"max-image-preview:large","max-video-preview":"max-video-preview:-1"},"canonical":"https:\/\/www.eurekers.com\/cursosbolsa\/espana-se-aferra-al-modelo-720","og_locale":"es_ES","og_type":"article","og_title":"Espa\u00f1a se aferra al modelo 720 - Eurekers","og_description":"Espa\u00f1a se aferra al modelo 720 | Tras la sentencia del TJUE sobre el modelo, seguir\u00e1 siendo obligatorio presentarlo | Todos los detalles aqu\u00ed","og_url":"https:\/\/www.eurekers.com\/cursosbolsa\/espana-se-aferra-al-modelo-720","og_site_name":"Blog de Bolsa - Eurekers","article_publisher":"https:\/\/www.facebook.com\/eurekersbolsa","article_published_time":"2022-02-18T12:27:18+00:00","article_modified_time":"2022-03-02T08:24:07+00:00","og_image":[{"width":726,"height":275,"url":"https:\/\/www.eurekers.com\/cursosbolsa\/wp-content\/uploads\/2022\/02\/Espana-se-aferra-al-modelo-720.png","type":"image\/png"}],"author":"Jos\u00e9 Vicente","twitter_card":"summary_large_image","twitter_creator":"@eurekersbolsa","twitter_site":"@eurekersbolsa","twitter_misc":{"Escrito por":"Jos\u00e9 Vicente","Tiempo de lectura":"5 minutos"},"schema":{"@context":"https:\/\/schema.org","@graph":[{"@type":"Article","@id":"https:\/\/www.eurekers.com\/cursosbolsa\/espana-se-aferra-al-modelo-720#article","isPartOf":{"@id":"https:\/\/www.eurekers.com\/cursosbolsa\/espana-se-aferra-al-modelo-720"},"author":{"name":"Jos\u00e9 Vicente","@id":"https:\/\/www.eurekers.com\/cursosbolsa\/#\/schema\/person\/e8c39211cab2b01cdeeb3ca6855832fc"},"headline":"Espa\u00f1a se aferra al modelo 720","datePublished":"2022-02-18T12:27:18+00:00","dateModified":"2022-03-02T08:24:07+00:00","mainEntityOfPage":{"@id":"https:\/\/www.eurekers.com\/cursosbolsa\/espana-se-aferra-al-modelo-720"},"wordCount":949,"commentCount":0,"publisher":{"@id":"https:\/\/www.eurekers.com\/cursosbolsa\/#organization"},"image":{"@id":"https:\/\/www.eurekers.com\/cursosbolsa\/espana-se-aferra-al-modelo-720#primaryimage"},"thumbnailUrl":"https:\/\/www.eurekers.com\/cursosbolsa\/wp-content\/uploads\/2022\/02\/Espana-se-aferra-al-modelo-720.png","keywords":["hacienda","invertir","modelo 720","Espa\u00f1a","Europa"],"articleSection":["Invertir en bolsa"],"inLanguage":"es","potentialAction":[{"@type":"CommentAction","name":"Comment","target":["https:\/\/www.eurekers.com\/cursosbolsa\/espana-se-aferra-al-modelo-720#respond"]}]},{"@type":"WebPage","@id":"https:\/\/www.eurekers.com\/cursosbolsa\/espana-se-aferra-al-modelo-720","url":"https:\/\/www.eurekers.com\/cursosbolsa\/espana-se-aferra-al-modelo-720","name":"Espa\u00f1a se aferra al modelo 720 - Eurekers","isPartOf":{"@id":"https:\/\/www.eurekers.com\/cursosbolsa\/#website"},"primaryImageOfPage":{"@id":"https:\/\/www.eurekers.com\/cursosbolsa\/espana-se-aferra-al-modelo-720#primaryimage"},"image":{"@id":"https:\/\/www.eurekers.com\/cursosbolsa\/espana-se-aferra-al-modelo-720#primaryimage"},"thumbnailUrl":"https:\/\/www.eurekers.com\/cursosbolsa\/wp-content\/uploads\/2022\/02\/Espana-se-aferra-al-modelo-720.png","datePublished":"2022-02-18T12:27:18+00:00","dateModified":"2022-03-02T08:24:07+00:00","description":"Espa\u00f1a se aferra al modelo 720 | Tras la sentencia del TJUE sobre el modelo, seguir\u00e1 siendo obligatorio presentarlo | Todos los detalles aqu\u00ed","breadcrumb":{"@id":"https:\/\/www.eurekers.com\/cursosbolsa\/espana-se-aferra-al-modelo-720#breadcrumb"},"inLanguage":"es","potentialAction":[{"@type":"ReadAction","target":["https:\/\/www.eurekers.com\/cursosbolsa\/espana-se-aferra-al-modelo-720"]}]},{"@type":"ImageObject","inLanguage":"es","@id":"https:\/\/www.eurekers.com\/cursosbolsa\/espana-se-aferra-al-modelo-720#primaryimage","url":"https:\/\/www.eurekers.com\/cursosbolsa\/wp-content\/uploads\/2022\/02\/Espana-se-aferra-al-modelo-720.png","contentUrl":"https:\/\/www.eurekers.com\/cursosbolsa\/wp-content\/uploads\/2022\/02\/Espana-se-aferra-al-modelo-720.png","width":726,"height":275,"caption":"Espa\u00f1a se aferra al modelo 720"},{"@type":"BreadcrumbList","@id":"https:\/\/www.eurekers.com\/cursosbolsa\/espana-se-aferra-al-modelo-720#breadcrumb","itemListElement":[{"@type":"ListItem","position":1,"name":"Portada","item":"https:\/\/www.eurekers.com\/cursosbolsa\/"},{"@type":"ListItem","position":2,"name":"Espa\u00f1a se aferra al modelo 720"}]},{"@type":"WebSite","@id":"https:\/\/www.eurekers.com\/cursosbolsa\/#website","url":"https:\/\/www.eurekers.com\/cursosbolsa\/","name":"Blog de Bolsa - Eurekers","description":"Formaci\u00f3n y Comunidad de Bolsa","publisher":{"@id":"https:\/\/www.eurekers.com\/cursosbolsa\/#organization"},"potentialAction":[{"@type":"SearchAction","target":{"@type":"EntryPoint","urlTemplate":"https:\/\/www.eurekers.com\/cursosbolsa\/?s={search_term_string}"},"query-input":{"@type":"PropertyValueSpecification","valueRequired":true,"valueName":"search_term_string"}}],"inLanguage":"es"},{"@type":"Organization","@id":"https:\/\/www.eurekers.com\/cursosbolsa\/#organization","name":"Eurekers.com","url":"https:\/\/www.eurekers.com\/cursosbolsa\/","logo":{"@type":"ImageObject","inLanguage":"es","@id":"https:\/\/www.eurekers.com\/cursosbolsa\/#\/schema\/logo\/image\/","url":"https:\/\/www.eurekers.com\/cursosbolsa\/wp-content\/uploads\/2018\/10\/Anagrama.png","contentUrl":"https:\/\/www.eurekers.com\/cursosbolsa\/wp-content\/uploads\/2018\/10\/Anagrama.png","width":296,"height":274,"caption":"Eurekers.com"},"image":{"@id":"https:\/\/www.eurekers.com\/cursosbolsa\/#\/schema\/logo\/image\/"},"sameAs":["https:\/\/www.facebook.com\/eurekersbolsa","https:\/\/x.com\/eurekersbolsa","https:\/\/www.instagram.com\/eurekers\/"]},{"@type":"Person","@id":"https:\/\/www.eurekers.com\/cursosbolsa\/#\/schema\/person\/e8c39211cab2b01cdeeb3ca6855832fc","name":"Jos\u00e9 Vicente","image":{"@type":"ImageObject","inLanguage":"es","@id":"https:\/\/www.eurekers.com\/cursosbolsa\/#\/schema\/person\/image\/","url":"https:\/\/secure.gravatar.com\/avatar\/bf1cbfd7fa8048502d55adb2eec79976?s=96&d=wp_user_avatar&r=g","contentUrl":"https:\/\/secure.gravatar.com\/avatar\/bf1cbfd7fa8048502d55adb2eec79976?s=96&d=wp_user_avatar&r=g","caption":"Jos\u00e9 Vicente"},"url":"https:\/\/www.eurekers.com\/cursosbolsa\/author\/josevi"}]}},"_links":{"self":[{"href":"https:\/\/www.eurekers.com\/cursosbolsa\/wp-json\/wp\/v2\/posts\/3484"}],"collection":[{"href":"https:\/\/www.eurekers.com\/cursosbolsa\/wp-json\/wp\/v2\/posts"}],"about":[{"href":"https:\/\/www.eurekers.com\/cursosbolsa\/wp-json\/wp\/v2\/types\/post"}],"author":[{"embeddable":true,"href":"https:\/\/www.eurekers.com\/cursosbolsa\/wp-json\/wp\/v2\/users\/14"}],"replies":[{"embeddable":true,"href":"https:\/\/www.eurekers.com\/cursosbolsa\/wp-json\/wp\/v2\/comments?post=3484"}],"version-history":[{"count":4,"href":"https:\/\/www.eurekers.com\/cursosbolsa\/wp-json\/wp\/v2\/posts\/3484\/revisions"}],"predecessor-version":[{"id":103331,"href":"https:\/\/www.eurekers.com\/cursosbolsa\/wp-json\/wp\/v2\/posts\/3484\/revisions\/103331"}],"wp:featuredmedia":[{"embeddable":true,"href":"https:\/\/www.eurekers.com\/cursosbolsa\/wp-json\/wp\/v2\/media\/3486"}],"wp:attachment":[{"href":"https:\/\/www.eurekers.com\/cursosbolsa\/wp-json\/wp\/v2\/media?parent=3484"}],"wp:term":[{"taxonomy":"category","embeddable":true,"href":"https:\/\/www.eurekers.com\/cursosbolsa\/wp-json\/wp\/v2\/categories?post=3484"},{"taxonomy":"post_tag","embeddable":true,"href":"https:\/\/www.eurekers.com\/cursosbolsa\/wp-json\/wp\/v2\/tags?post=3484"}],"curies":[{"name":"wp","href":"https:\/\/api.w.org\/{rel}","templated":true}]}}