{"id":3392,"date":"2022-02-03T12:29:10","date_gmt":"2022-02-03T12:29:10","guid":{"rendered":"https:\/\/www.eurekers.com\/cursosbolsa\/?p=3392"},"modified":"2025-11-02T10:54:38","modified_gmt":"2025-11-02T10:54:38","slug":"reforma-fisca-autonomos-feroz-atraco-a-los-autonomos","status":"publish","type":"post","link":"https:\/\/www.eurekers.com\/cursosbolsa\/reforma-fisca-autonomos-feroz-atraco-a-los-autonomos","title":{"rendered":"Feroz atraco a los aut\u00f3nomos."},"content":{"rendered":"\r\n<p>\u00bf<strong>Eres <a href=\"https:\/\/www.eurekers.com\/cursosbolsa\/autonomos-todo-lo-que-necesitas-saber\">aut\u00f3nomo<\/a><\/strong>? \u00bfTe gustar\u00eda poder trabajar por tu cuenta, siendo tu propio jefe? <strong>Esto te interesa<\/strong>. El Gobierno ha puesto sobre la mesa una <strong>reforma fiscal que afectar\u00e1 a los aut\u00f3nomos<\/strong>. Con vistas a tratar de proteger una Seguridad Social ya quebrada, el ministro de Inclusi\u00f3n y Seguridad Social, Jose Luis Escriv\u00e0, ha propuesto una <strong>subida a las cotizaciones de los aut\u00f3nomos<\/strong>. Por t\u00e9rmino medio har\u00e1 que se pague <strong>hasta un tercio de lo que ingresan<\/strong>.<\/p>\r\n\r\n\r\n\r\n<p>Esto es un <strong>aut\u00e9ntico atraco a los emprendedores de Espa\u00f1a<\/strong> que \u00fanicamente va a conseguir es fomentar la econom\u00eda sumergida y profundizar en la destrucci\u00f3n del empleo asalariado. <strong>Espa\u00f1a as\u00ed se consolidar\u00e1 como infierno fiscal <\/strong>para nuestros aut\u00f3nomos que, en comparaci\u00f3n con el resto de Europa, est\u00e1n <strong>sometidos a <a href=\"https:\/\/www.eurekers.com\/cursosbolsa\/cuantos-impuestos-realmente-se-pagan-en-espana\">impuestos sobredimensionados<\/a><\/strong>.<\/p>\r\n\r\n\r\n\r\n<h2 class=\"wp-block-heading\">Reforma fiscal aut\u00f3nomos. Un atraco en diferido.<\/h2>\r\n\r\n\r\n\r\n<p>Hasta este a\u00f1o 2022, la cuota m\u00ednima a la Seguridad Social a la que se acog\u00edan m\u00e1s del 80% de los aut\u00f3nomos\u00a0en Espa\u00f1a era de 294 euros mensuales, unos 3.500 euros al a\u00f1o. Esta cuota es fija y no tiene en cuenta el beneficio real de la actividad econ\u00f3mica que se realice.<\/p>\r\n\r\n\r\n\r\n<p>En este sentido, <strong>lo que plantea el Gobierno es que a partir de 2023 los aut\u00f3nomos no puedan cotizar por el actual tipo m\u00e1s bajo<\/strong>, el \u00abr\u00e9gimen general de los aut\u00f3nomos\u00bb. De esta forma, los aut\u00f3nomos <strong>deber\u00e1n pagar una cuota con base en su tramo de ingresos<\/strong> dentro de una escala que contempla m\u00e1s de 10 tramos distintos. Se formar\u00e1 as\u00ed una espiral alcista de impuestos al trabajos, que, en algunos casos, supondr\u00e1 un <strong>aumento de m\u00e1s del 300% durante los pr\u00f3ximos 7 a\u00f1os<\/strong>.<\/p>\r\n\r\n\r\n\r\n<p>\u00bfY cu\u00e1nto tiene previsto el Gobierno que acaben pagando los aut\u00f3nomos una vez que el sistema de cotizaci\u00f3n, que entra en vigor en 2023, est\u00e9 plenamente implantado en 2031?<\/p>\r\n\r\n\r\n\r\n<div class=\"wp-block-image\">\r\n<figure class=\"aligncenter size-full is-resized\"><img fetchpriority=\"high\" decoding=\"async\" class=\"wp-image-3394\" src=\"https:\/\/www.eurekers.com\/cursosbolsa\/wp-content\/uploads\/2022\/02\/Propuesta-gobierno-cotizacion-autonomos-segun-ingresos.jpeg\" alt=\"\" width=\"688\" height=\"362\" srcset=\"https:\/\/www.eurekers.com\/cursosbolsa\/wp-content\/uploads\/2022\/02\/Propuesta-gobierno-cotizacion-autonomos-segun-ingresos.jpeg 980w, https:\/\/www.eurekers.com\/cursosbolsa\/wp-content\/uploads\/2022\/02\/Propuesta-gobierno-cotizacion-autonomos-segun-ingresos-300x158.jpeg 300w\" sizes=\"(max-width: 688px) 100vw, 688px\" \/>\r\n<figcaption><em>Figura 1. Fuente: El Pa\u00eds<\/em><\/figcaption>\r\n<\/figure>\r\n<\/div>\r\n\r\n\r\n\r\n<p>En la figura 1 podemos observar que en 2031 <strong>los \u00fanicos beneficiados ser\u00edan los que ingresan menos de 900 euros al a\u00f1o<\/strong>. En este caso, descender\u00eda la cuota hasta 110 euros alcanzando un m\u00ednimo de 184. Sin embargo, <strong>la realidad es que la mayor\u00eda de personas por debajo de dicho umbral ni siquiera cotizan<\/strong> en el r\u00e9gimen de aut\u00f3nomos, por lo que es una mejora irreal.<\/p>\r\n\r\n\r\n\r\n<p>En cambio, <strong>aquellos que ingresen m\u00e1s de 900 euros<\/strong>, que son la mayor\u00eda de los aut\u00f3nomos que cotizan, los tramos ir\u00e1n subiendo de tal forma que en 2031 acaben pagando entre un 25% y un 33% de sus ingresos mensuales en concepto de cuota de aut\u00f3nomos. Esto es un aut\u00e9ntico atraco porque no tiene en cuenta que los ingresos no son beneficios y que el Estado seguir\u00e1 quitando mucho m\u00e1s dinero en concepto de otros impuestos como IVA, patrimonio, suministros&#8230; \u00a1Todo un expolio que lo \u00fanico que va a conseguir es desincentivar la inversi\u00f3n en un pa\u00eds de 3 millones de funcionarios y 9 millones de pensiones p\u00fablicas!<\/p>\r\n\r\n\r\n\r\n<h2 class=\"wp-block-heading\">Las consecuencias no previstas de las elevadas cuotas a los aut\u00f3nomos<\/h2>\r\n\r\n\r\n\r\n<p><strong>El Gobierno ha defendido el expolio<\/strong> ante la subida de tales cuotas <strong>como mecanismo para asegurar la sostenibilidad del sistema de pensiones<\/strong>. Su objetivo es ofrecer unas previsiones de ingresos fiscales fututos hinchad\u00edsimos, seg\u00fan la recaudaci\u00f3n actual, para incrementar el gasto en el momento presente.<\/p>\r\n\r\n\r\n\r\n<p>El problema es que rara vez estas previsiones acaban cumpli\u00e9ndose, ya que no tienen en cuenta los efectos que sus propias intervenciones provocan:<\/p>\r\n\r\n\r\n\r\n<h3 class=\"wp-block-heading\">1 &#8211; Menor inversi\u00f3n<\/h3>\r\n\r\n\r\n\r\n<p>Al ser can caro emprender, muchas personas podr\u00edan preferir ser asalariadas y no verse con la soga al cuello constantemente. As\u00ed, en general, se producir\u00eda una menor inversi\u00f3n en el pa\u00eds y los ingresos fiscales no acabar\u00edan siendo los esperados.<\/p>\r\n\r\n\r\n\r\n<h3 class=\"wp-block-heading\">2 &#8211; Menor valor a\u00f1adido<\/h3>\r\n\r\n\r\n\r\n<p>Tales desincentivos producir\u00e1n que grandes ideas que podr\u00edan haber prosperado acaben perdi\u00e9ndose o huyendo de Espa\u00f1a. Esas personas, o emigrar\u00e1n a otros pa\u00edses con la fuga de talento (y capital) que conlleva, o directamente no emprender\u00e1n, lo que contribuir\u00e1 a concentrar, a\u00fan m\u00e1s, la masa de asalariados y funcionarios.<\/p>\r\n\r\n\r\n\r\n<h3 class=\"wp-block-heading\">3 &#8211; Menor empleo<\/h3>\r\n\r\n\r\n\r\n<p>Actualmente los aut\u00f3nomos generan unos 4 millones de puestos de trabajo. Estas trabas fiscales al emprendimiento maltratar\u00edan el empleo asalariado, descendiendo el n\u00famero de empleos, precarizando el trabajo o directamente cayendo en econom\u00eda sumergida. Es l\u00f3gico, si el Estado se lleva un tercio de la recaudaci\u00f3n, no se le puede pagar tanto al trabajador.<\/p>\r\n\r\n\r\n\r\n<h2 class=\"wp-block-heading\">\u00bfC\u00f3mo es la situaci\u00f3n de los aut\u00f3nomos en otros pa\u00edses europeos?<\/h2>\r\n\r\n\r\n\r\n<p>Lo cierto es que una vez m\u00e1s, Espa\u00f1a se encuentra a la cola de crear facilidades al emprendimiento local a peque\u00f1a escala. No en vano, si a gran escala somos una de las econom\u00edas de la OCDE con menor <a href=\"https:\/\/es.wikipedia.org\/wiki\/%C3%8Dndice_de_Libertad_Econ%C3%B3mica\"><strong>libertad econ\u00f3mica<\/strong><\/a>, a peque\u00f1a escala la situaci\u00f3n no var\u00eda mucho, veamos algunos ejemplos:<\/p>\r\n\r\n\r\n\r\n<h3 class=\"wp-block-heading\">Reino Unido<\/h3>\r\n\r\n\r\n\r\n<p>En Reino Unido, como en Espa\u00f1a, va por tramos, pero muchos m\u00e1s simples y no tan abusivos:<\/p>\r\n\r\n\r\n\r\n<ul class=\"wp-block-list\">\r\n<li>Si no ingresas m\u00e1s de 7.800\u20ac al a\u00f1o (es decir 6.475 libras), no tienes que pagar nada.<\/li>\r\n<li>Si te encuentras en el umbral de entre 7.800\u20ac y 11.500\u20ac al a\u00f1o (es decir, entre 6.475 y 9.500 libras), tendr\u00e1n que pagar 3,05 libras a la semana, esto viene a ser unos 14\u20ac\/mes.<\/li>\r\n<li>A continuaci\u00f3n, existe un tercer tramo (en el que se encuentran la gran parte de los aut\u00f3nomos ingleses) entre 11.500 \u20ac y 60.000\u20ac (entre 9500 y 50.000 libras)<strong> para el cual deber\u00edan pagar una cuota del 9% de los BENEFICIOS<\/strong>.<\/li>\r\n<li>Por \u00faltimo para los aut\u00f3nomos que generen m\u00e1s de 60.000\u20ac anuales (es decir, mas de 50.000 libras), deber\u00e1n abonar el 2% de los<strong> BENEFICIOS<\/strong>.<\/li>\r\n<\/ul>\r\n\r\n\r\n\r\n<p>Como curiosidad, en Reino Unido no se exige un capital m\u00ednimo para montar una Sociedad de Responsabilidad Limitada<\/p>\r\n\r\n\r\n\r\n<h3 class=\"wp-block-heading\"><strong>Dinamarca<\/strong><\/h3>\r\n\r\n\r\n\r\n<p>En Dinamarca puedes darte de alta como aut\u00f3nomo por internet, y de forma 100% gratuita. No hay cuotas mensuales, ya que el pago de impuestos se basa en un tramo de beneficios que va desde 25, al 50%. Esta cuota incluye la cuota a la seguridad social, as\u00ed como, prestaciones por desempleo, maternidad, etc.<\/p>\r\n\r\n\r\n\r\n<h3 class=\"wp-block-heading\">Portugal<\/h3>\r\n\r\n\r\n\r\n<p>En Portugal, los aut\u00f3nomos no tienen que pagar cuotas mensuales, al igual que tampoco pagan \u00a0IVA. Por contra, todos los aut\u00f3nomos deben contribuir con un tipo \u00fanico del 24,5% de sus ingresos anuales en impuestos. Un modelo muy similar al que tiene Italia.<\/p>\r\n\r\n\r\n\r\n<h3 class=\"wp-block-heading\">Holanda<\/h3>\r\n\r\n\r\n\r\n<p>En los Pa\u00edses Bajos los aut\u00f3nomos pagan 50 euros al mes, independientemente de los ingresos generados. A esto hay que a\u00f1adir 100 euros extras de seguro m\u00e9dico. En total, 150\u20ac mensuales que pueden ser complementados con m\u00e1s seguros estatales o planes de pensiones p\u00fablicos.<\/p>\r\n\r\n\r\n\r\n<h3 class=\"wp-block-heading\">Alemania<\/h3>\r\n\r\n\r\n\r\n<p>Y en Alemania, la cuota de aut\u00f3nomo es de 140 euros si se ingresan m\u00e1s de 1.700 euros al mes, pero con la obligaci\u00f3n adicional de contratar un seguro m\u00e9dico que puede costar entre 150\u20ac y 240\u20ac (hasta un m\u00e1ximo de 600\u20ac). Quienes ingresen menos de 1.700\u20ac, est\u00e1n exentos de pagar cuota.<\/p>\r\n\r\n\r\n\r\n<p>En definitiva, vemos como Espa\u00f1a es uno de los infiernos fiscales europeos para todas aquellas personas que buscan auto emplearse o crear valor por su propia cuenta, y precisamente por eso, la fuga de capitales y talento de todos aquellos profesionales que puedan deslocalizarse (como youtubers o profesionales digitales) continuar\u00e1 existiendo.<\/p>\r\n","protected":false},"excerpt":{"rendered":"<p>Reforma fiscal de aut\u00f3nomos | \u00bfEres aut\u00f3nomo? As\u00ed te afecta la reforma propuesta por el gobierno sobre las cotizaciones | Un aut\u00e9ntico atraco<\/p>\n","protected":false},"author":14,"featured_media":3395,"comment_status":"open","ping_status":"closed","sticky":false,"template":"","format":"standard","meta":{"_joinchat":[],"footnotes":""},"categories":[107],"tags":[128,373,375,376],"class_list":["post-3392","post","type-post","status-publish","format-standard","has-post-thumbnail","hentry","category-noticias","tag-cotizacion","tag-autonomo","tag-reforma-fiscal","tag-ingresos"],"yoast_head":"<!-- This site is optimized with the Yoast SEO plugin v25.5 - https:\/\/yoast.com\/wordpress\/plugins\/seo\/ -->\n<title>Reforma Fiscal Aut\u00f3nomos: Feroz atraco del Gobierno - Eurekers<\/title>\n<meta name=\"description\" content=\"REFORMA FISCAL AUT\u00d3NOMOS | \u00bfEres aut\u00f3nomo? As\u00ed TE AFECTA la reforma propuesta por el gobierno sobre las COTIZACIONES | Un aut\u00e9ntico ATRACO\" \/>\n<meta name=\"robots\" content=\"index, follow, max-snippet:-1, max-image-preview:large, max-video-preview:-1\" \/>\n<link rel=\"canonical\" href=\"https:\/\/www.eurekers.com\/cursosbolsa\/reforma-fisca-autonomos-feroz-atraco-a-los-autonomos\" \/>\n<meta property=\"og:locale\" content=\"es_ES\" \/>\n<meta property=\"og:type\" content=\"article\" \/>\n<meta property=\"og:title\" content=\"Reforma Fiscal Aut\u00f3nomos: Feroz atraco del Gobierno - Eurekers\" \/>\n<meta property=\"og:description\" content=\"REFORMA FISCAL AUT\u00d3NOMOS | \u00bfEres aut\u00f3nomo? As\u00ed TE AFECTA la reforma propuesta por el gobierno sobre las COTIZACIONES | Un aut\u00e9ntico ATRACO\" \/>\n<meta property=\"og:url\" content=\"https:\/\/www.eurekers.com\/cursosbolsa\/reforma-fisca-autonomos-feroz-atraco-a-los-autonomos\" \/>\n<meta property=\"og:site_name\" content=\"Blog de Bolsa - Eurekers\" \/>\n<meta property=\"article:publisher\" content=\"https:\/\/www.facebook.com\/eurekersbolsa\" \/>\n<meta property=\"article:published_time\" content=\"2022-02-03T12:29:10+00:00\" \/>\n<meta property=\"article:modified_time\" content=\"2025-11-02T10:54:38+00:00\" \/>\n<meta property=\"og:image\" content=\"https:\/\/www.eurekers.com\/cursosbolsa\/wp-content\/uploads\/2022\/02\/Reforma-fiscal-cotizacion-autonomos-2022.png\" \/>\n\t<meta property=\"og:image:width\" content=\"726\" \/>\n\t<meta property=\"og:image:height\" content=\"275\" \/>\n\t<meta property=\"og:image:type\" content=\"image\/png\" \/>\n<meta name=\"author\" content=\"Jos\u00e9 Vicente\" \/>\n<meta name=\"twitter:card\" content=\"summary_large_image\" \/>\n<meta name=\"twitter:creator\" content=\"@eurekersbolsa\" \/>\n<meta name=\"twitter:site\" content=\"@eurekersbolsa\" \/>\n<meta name=\"twitter:label1\" content=\"Escrito por\" \/>\n\t<meta name=\"twitter:data1\" content=\"Jos\u00e9 Vicente\" \/>\n\t<meta name=\"twitter:label2\" content=\"Tiempo de lectura\" \/>\n\t<meta name=\"twitter:data2\" content=\"6 minutos\" \/>\n<script type=\"application\/ld+json\" class=\"yoast-schema-graph\">{\"@context\":\"https:\/\/schema.org\",\"@graph\":[{\"@type\":\"Article\",\"@id\":\"https:\/\/www.eurekers.com\/cursosbolsa\/reforma-fisca-autonomos-feroz-atraco-a-los-autonomos#article\",\"isPartOf\":{\"@id\":\"https:\/\/www.eurekers.com\/cursosbolsa\/reforma-fisca-autonomos-feroz-atraco-a-los-autonomos\"},\"author\":{\"name\":\"Jos\u00e9 Vicente\",\"@id\":\"https:\/\/www.eurekers.com\/cursosbolsa\/#\/schema\/person\/e8c39211cab2b01cdeeb3ca6855832fc\"},\"headline\":\"Feroz atraco a los aut\u00f3nomos.\",\"datePublished\":\"2022-02-03T12:29:10+00:00\",\"dateModified\":\"2025-11-02T10:54:38+00:00\",\"mainEntityOfPage\":{\"@id\":\"https:\/\/www.eurekers.com\/cursosbolsa\/reforma-fisca-autonomos-feroz-atraco-a-los-autonomos\"},\"wordCount\":1250,\"commentCount\":0,\"publisher\":{\"@id\":\"https:\/\/www.eurekers.com\/cursosbolsa\/#organization\"},\"image\":{\"@id\":\"https:\/\/www.eurekers.com\/cursosbolsa\/reforma-fisca-autonomos-feroz-atraco-a-los-autonomos#primaryimage\"},\"thumbnailUrl\":\"https:\/\/www.eurekers.com\/cursosbolsa\/wp-content\/uploads\/2022\/02\/Reforma-fiscal-cotizacion-autonomos-2022.png\",\"keywords\":[\"cotizaci\u00f3n\",\"autonomo\",\"reforma fiscal\",\"ingresos\"],\"articleSection\":[\"Noticias\"],\"inLanguage\":\"es\",\"potentialAction\":[{\"@type\":\"CommentAction\",\"name\":\"Comment\",\"target\":[\"https:\/\/www.eurekers.com\/cursosbolsa\/reforma-fisca-autonomos-feroz-atraco-a-los-autonomos#respond\"]}]},{\"@type\":\"WebPage\",\"@id\":\"https:\/\/www.eurekers.com\/cursosbolsa\/reforma-fisca-autonomos-feroz-atraco-a-los-autonomos\",\"url\":\"https:\/\/www.eurekers.com\/cursosbolsa\/reforma-fisca-autonomos-feroz-atraco-a-los-autonomos\",\"name\":\"Reforma Fiscal Aut\u00f3nomos: Feroz atraco del Gobierno - Eurekers\",\"isPartOf\":{\"@id\":\"https:\/\/www.eurekers.com\/cursosbolsa\/#website\"},\"primaryImageOfPage\":{\"@id\":\"https:\/\/www.eurekers.com\/cursosbolsa\/reforma-fisca-autonomos-feroz-atraco-a-los-autonomos#primaryimage\"},\"image\":{\"@id\":\"https:\/\/www.eurekers.com\/cursosbolsa\/reforma-fisca-autonomos-feroz-atraco-a-los-autonomos#primaryimage\"},\"thumbnailUrl\":\"https:\/\/www.eurekers.com\/cursosbolsa\/wp-content\/uploads\/2022\/02\/Reforma-fiscal-cotizacion-autonomos-2022.png\",\"datePublished\":\"2022-02-03T12:29:10+00:00\",\"dateModified\":\"2025-11-02T10:54:38+00:00\",\"description\":\"REFORMA FISCAL AUT\u00d3NOMOS | \u00bfEres aut\u00f3nomo? As\u00ed TE AFECTA la reforma propuesta por el gobierno sobre las COTIZACIONES | Un aut\u00e9ntico ATRACO\",\"breadcrumb\":{\"@id\":\"https:\/\/www.eurekers.com\/cursosbolsa\/reforma-fisca-autonomos-feroz-atraco-a-los-autonomos#breadcrumb\"},\"inLanguage\":\"es\",\"potentialAction\":[{\"@type\":\"ReadAction\",\"target\":[\"https:\/\/www.eurekers.com\/cursosbolsa\/reforma-fisca-autonomos-feroz-atraco-a-los-autonomos\"]}]},{\"@type\":\"ImageObject\",\"inLanguage\":\"es\",\"@id\":\"https:\/\/www.eurekers.com\/cursosbolsa\/reforma-fisca-autonomos-feroz-atraco-a-los-autonomos#primaryimage\",\"url\":\"https:\/\/www.eurekers.com\/cursosbolsa\/wp-content\/uploads\/2022\/02\/Reforma-fiscal-cotizacion-autonomos-2022.png\",\"contentUrl\":\"https:\/\/www.eurekers.com\/cursosbolsa\/wp-content\/uploads\/2022\/02\/Reforma-fiscal-cotizacion-autonomos-2022.png\",\"width\":726,\"height\":275,\"caption\":\"Reforma fiscal aut\u00f3nomos\"},{\"@type\":\"BreadcrumbList\",\"@id\":\"https:\/\/www.eurekers.com\/cursosbolsa\/reforma-fisca-autonomos-feroz-atraco-a-los-autonomos#breadcrumb\",\"itemListElement\":[{\"@type\":\"ListItem\",\"position\":1,\"name\":\"Portada\",\"item\":\"https:\/\/www.eurekers.com\/cursosbolsa\/\"},{\"@type\":\"ListItem\",\"position\":2,\"name\":\"Feroz atraco a los aut\u00f3nomos.\"}]},{\"@type\":\"WebSite\",\"@id\":\"https:\/\/www.eurekers.com\/cursosbolsa\/#website\",\"url\":\"https:\/\/www.eurekers.com\/cursosbolsa\/\",\"name\":\"Blog de Bolsa - Eurekers\",\"description\":\"Formaci\u00f3n y Comunidad de Bolsa\",\"publisher\":{\"@id\":\"https:\/\/www.eurekers.com\/cursosbolsa\/#organization\"},\"potentialAction\":[{\"@type\":\"SearchAction\",\"target\":{\"@type\":\"EntryPoint\",\"urlTemplate\":\"https:\/\/www.eurekers.com\/cursosbolsa\/?s={search_term_string}\"},\"query-input\":{\"@type\":\"PropertyValueSpecification\",\"valueRequired\":true,\"valueName\":\"search_term_string\"}}],\"inLanguage\":\"es\"},{\"@type\":\"Organization\",\"@id\":\"https:\/\/www.eurekers.com\/cursosbolsa\/#organization\",\"name\":\"Eurekers.com\",\"url\":\"https:\/\/www.eurekers.com\/cursosbolsa\/\",\"logo\":{\"@type\":\"ImageObject\",\"inLanguage\":\"es\",\"@id\":\"https:\/\/www.eurekers.com\/cursosbolsa\/#\/schema\/logo\/image\/\",\"url\":\"https:\/\/www.eurekers.com\/cursosbolsa\/wp-content\/uploads\/2018\/10\/Anagrama.png\",\"contentUrl\":\"https:\/\/www.eurekers.com\/cursosbolsa\/wp-content\/uploads\/2018\/10\/Anagrama.png\",\"width\":296,\"height\":274,\"caption\":\"Eurekers.com\"},\"image\":{\"@id\":\"https:\/\/www.eurekers.com\/cursosbolsa\/#\/schema\/logo\/image\/\"},\"sameAs\":[\"https:\/\/www.facebook.com\/eurekersbolsa\",\"https:\/\/x.com\/eurekersbolsa\",\"https:\/\/www.instagram.com\/eurekers\/\"]},{\"@type\":\"Person\",\"@id\":\"https:\/\/www.eurekers.com\/cursosbolsa\/#\/schema\/person\/e8c39211cab2b01cdeeb3ca6855832fc\",\"name\":\"Jos\u00e9 Vicente\",\"image\":{\"@type\":\"ImageObject\",\"inLanguage\":\"es\",\"@id\":\"https:\/\/www.eurekers.com\/cursosbolsa\/#\/schema\/person\/image\/\",\"url\":\"https:\/\/secure.gravatar.com\/avatar\/bf1cbfd7fa8048502d55adb2eec79976?s=96&d=wp_user_avatar&r=g\",\"contentUrl\":\"https:\/\/secure.gravatar.com\/avatar\/bf1cbfd7fa8048502d55adb2eec79976?s=96&d=wp_user_avatar&r=g\",\"caption\":\"Jos\u00e9 Vicente\"},\"url\":\"https:\/\/www.eurekers.com\/cursosbolsa\/author\/josevi\"}]}<\/script>\n<!-- \/ Yoast SEO plugin. -->","yoast_head_json":{"title":"Reforma Fiscal Aut\u00f3nomos: Feroz atraco del Gobierno - Eurekers","description":"REFORMA FISCAL AUT\u00d3NOMOS | \u00bfEres aut\u00f3nomo? As\u00ed TE AFECTA la reforma propuesta por el gobierno sobre las COTIZACIONES | Un aut\u00e9ntico ATRACO","robots":{"index":"index","follow":"follow","max-snippet":"max-snippet:-1","max-image-preview":"max-image-preview:large","max-video-preview":"max-video-preview:-1"},"canonical":"https:\/\/www.eurekers.com\/cursosbolsa\/reforma-fisca-autonomos-feroz-atraco-a-los-autonomos","og_locale":"es_ES","og_type":"article","og_title":"Reforma Fiscal Aut\u00f3nomos: Feroz atraco del Gobierno - Eurekers","og_description":"REFORMA FISCAL AUT\u00d3NOMOS | \u00bfEres aut\u00f3nomo? As\u00ed TE AFECTA la reforma propuesta por el gobierno sobre las COTIZACIONES | Un aut\u00e9ntico ATRACO","og_url":"https:\/\/www.eurekers.com\/cursosbolsa\/reforma-fisca-autonomos-feroz-atraco-a-los-autonomos","og_site_name":"Blog de Bolsa - Eurekers","article_publisher":"https:\/\/www.facebook.com\/eurekersbolsa","article_published_time":"2022-02-03T12:29:10+00:00","article_modified_time":"2025-11-02T10:54:38+00:00","og_image":[{"width":726,"height":275,"url":"https:\/\/www.eurekers.com\/cursosbolsa\/wp-content\/uploads\/2022\/02\/Reforma-fiscal-cotizacion-autonomos-2022.png","type":"image\/png"}],"author":"Jos\u00e9 Vicente","twitter_card":"summary_large_image","twitter_creator":"@eurekersbolsa","twitter_site":"@eurekersbolsa","twitter_misc":{"Escrito por":"Jos\u00e9 Vicente","Tiempo de lectura":"6 minutos"},"schema":{"@context":"https:\/\/schema.org","@graph":[{"@type":"Article","@id":"https:\/\/www.eurekers.com\/cursosbolsa\/reforma-fisca-autonomos-feroz-atraco-a-los-autonomos#article","isPartOf":{"@id":"https:\/\/www.eurekers.com\/cursosbolsa\/reforma-fisca-autonomos-feroz-atraco-a-los-autonomos"},"author":{"name":"Jos\u00e9 Vicente","@id":"https:\/\/www.eurekers.com\/cursosbolsa\/#\/schema\/person\/e8c39211cab2b01cdeeb3ca6855832fc"},"headline":"Feroz atraco a los aut\u00f3nomos.","datePublished":"2022-02-03T12:29:10+00:00","dateModified":"2025-11-02T10:54:38+00:00","mainEntityOfPage":{"@id":"https:\/\/www.eurekers.com\/cursosbolsa\/reforma-fisca-autonomos-feroz-atraco-a-los-autonomos"},"wordCount":1250,"commentCount":0,"publisher":{"@id":"https:\/\/www.eurekers.com\/cursosbolsa\/#organization"},"image":{"@id":"https:\/\/www.eurekers.com\/cursosbolsa\/reforma-fisca-autonomos-feroz-atraco-a-los-autonomos#primaryimage"},"thumbnailUrl":"https:\/\/www.eurekers.com\/cursosbolsa\/wp-content\/uploads\/2022\/02\/Reforma-fiscal-cotizacion-autonomos-2022.png","keywords":["cotizaci\u00f3n","autonomo","reforma fiscal","ingresos"],"articleSection":["Noticias"],"inLanguage":"es","potentialAction":[{"@type":"CommentAction","name":"Comment","target":["https:\/\/www.eurekers.com\/cursosbolsa\/reforma-fisca-autonomos-feroz-atraco-a-los-autonomos#respond"]}]},{"@type":"WebPage","@id":"https:\/\/www.eurekers.com\/cursosbolsa\/reforma-fisca-autonomos-feroz-atraco-a-los-autonomos","url":"https:\/\/www.eurekers.com\/cursosbolsa\/reforma-fisca-autonomos-feroz-atraco-a-los-autonomos","name":"Reforma Fiscal Aut\u00f3nomos: Feroz atraco del Gobierno - Eurekers","isPartOf":{"@id":"https:\/\/www.eurekers.com\/cursosbolsa\/#website"},"primaryImageOfPage":{"@id":"https:\/\/www.eurekers.com\/cursosbolsa\/reforma-fisca-autonomos-feroz-atraco-a-los-autonomos#primaryimage"},"image":{"@id":"https:\/\/www.eurekers.com\/cursosbolsa\/reforma-fisca-autonomos-feroz-atraco-a-los-autonomos#primaryimage"},"thumbnailUrl":"https:\/\/www.eurekers.com\/cursosbolsa\/wp-content\/uploads\/2022\/02\/Reforma-fiscal-cotizacion-autonomos-2022.png","datePublished":"2022-02-03T12:29:10+00:00","dateModified":"2025-11-02T10:54:38+00:00","description":"REFORMA FISCAL AUT\u00d3NOMOS | \u00bfEres aut\u00f3nomo? As\u00ed TE AFECTA la reforma propuesta por el gobierno sobre las COTIZACIONES | Un aut\u00e9ntico ATRACO","breadcrumb":{"@id":"https:\/\/www.eurekers.com\/cursosbolsa\/reforma-fisca-autonomos-feroz-atraco-a-los-autonomos#breadcrumb"},"inLanguage":"es","potentialAction":[{"@type":"ReadAction","target":["https:\/\/www.eurekers.com\/cursosbolsa\/reforma-fisca-autonomos-feroz-atraco-a-los-autonomos"]}]},{"@type":"ImageObject","inLanguage":"es","@id":"https:\/\/www.eurekers.com\/cursosbolsa\/reforma-fisca-autonomos-feroz-atraco-a-los-autonomos#primaryimage","url":"https:\/\/www.eurekers.com\/cursosbolsa\/wp-content\/uploads\/2022\/02\/Reforma-fiscal-cotizacion-autonomos-2022.png","contentUrl":"https:\/\/www.eurekers.com\/cursosbolsa\/wp-content\/uploads\/2022\/02\/Reforma-fiscal-cotizacion-autonomos-2022.png","width":726,"height":275,"caption":"Reforma fiscal aut\u00f3nomos"},{"@type":"BreadcrumbList","@id":"https:\/\/www.eurekers.com\/cursosbolsa\/reforma-fisca-autonomos-feroz-atraco-a-los-autonomos#breadcrumb","itemListElement":[{"@type":"ListItem","position":1,"name":"Portada","item":"https:\/\/www.eurekers.com\/cursosbolsa\/"},{"@type":"ListItem","position":2,"name":"Feroz atraco a los aut\u00f3nomos."}]},{"@type":"WebSite","@id":"https:\/\/www.eurekers.com\/cursosbolsa\/#website","url":"https:\/\/www.eurekers.com\/cursosbolsa\/","name":"Blog de Bolsa - Eurekers","description":"Formaci\u00f3n y Comunidad de Bolsa","publisher":{"@id":"https:\/\/www.eurekers.com\/cursosbolsa\/#organization"},"potentialAction":[{"@type":"SearchAction","target":{"@type":"EntryPoint","urlTemplate":"https:\/\/www.eurekers.com\/cursosbolsa\/?s={search_term_string}"},"query-input":{"@type":"PropertyValueSpecification","valueRequired":true,"valueName":"search_term_string"}}],"inLanguage":"es"},{"@type":"Organization","@id":"https:\/\/www.eurekers.com\/cursosbolsa\/#organization","name":"Eurekers.com","url":"https:\/\/www.eurekers.com\/cursosbolsa\/","logo":{"@type":"ImageObject","inLanguage":"es","@id":"https:\/\/www.eurekers.com\/cursosbolsa\/#\/schema\/logo\/image\/","url":"https:\/\/www.eurekers.com\/cursosbolsa\/wp-content\/uploads\/2018\/10\/Anagrama.png","contentUrl":"https:\/\/www.eurekers.com\/cursosbolsa\/wp-content\/uploads\/2018\/10\/Anagrama.png","width":296,"height":274,"caption":"Eurekers.com"},"image":{"@id":"https:\/\/www.eurekers.com\/cursosbolsa\/#\/schema\/logo\/image\/"},"sameAs":["https:\/\/www.facebook.com\/eurekersbolsa","https:\/\/x.com\/eurekersbolsa","https:\/\/www.instagram.com\/eurekers\/"]},{"@type":"Person","@id":"https:\/\/www.eurekers.com\/cursosbolsa\/#\/schema\/person\/e8c39211cab2b01cdeeb3ca6855832fc","name":"Jos\u00e9 Vicente","image":{"@type":"ImageObject","inLanguage":"es","@id":"https:\/\/www.eurekers.com\/cursosbolsa\/#\/schema\/person\/image\/","url":"https:\/\/secure.gravatar.com\/avatar\/bf1cbfd7fa8048502d55adb2eec79976?s=96&d=wp_user_avatar&r=g","contentUrl":"https:\/\/secure.gravatar.com\/avatar\/bf1cbfd7fa8048502d55adb2eec79976?s=96&d=wp_user_avatar&r=g","caption":"Jos\u00e9 Vicente"},"url":"https:\/\/www.eurekers.com\/cursosbolsa\/author\/josevi"}]}},"_links":{"self":[{"href":"https:\/\/www.eurekers.com\/cursosbolsa\/wp-json\/wp\/v2\/posts\/3392"}],"collection":[{"href":"https:\/\/www.eurekers.com\/cursosbolsa\/wp-json\/wp\/v2\/posts"}],"about":[{"href":"https:\/\/www.eurekers.com\/cursosbolsa\/wp-json\/wp\/v2\/types\/post"}],"author":[{"embeddable":true,"href":"https:\/\/www.eurekers.com\/cursosbolsa\/wp-json\/wp\/v2\/users\/14"}],"replies":[{"embeddable":true,"href":"https:\/\/www.eurekers.com\/cursosbolsa\/wp-json\/wp\/v2\/comments?post=3392"}],"version-history":[{"count":5,"href":"https:\/\/www.eurekers.com\/cursosbolsa\/wp-json\/wp\/v2\/posts\/3392\/revisions"}],"predecessor-version":[{"id":106687,"href":"https:\/\/www.eurekers.com\/cursosbolsa\/wp-json\/wp\/v2\/posts\/3392\/revisions\/106687"}],"wp:featuredmedia":[{"embeddable":true,"href":"https:\/\/www.eurekers.com\/cursosbolsa\/wp-json\/wp\/v2\/media\/3395"}],"wp:attachment":[{"href":"https:\/\/www.eurekers.com\/cursosbolsa\/wp-json\/wp\/v2\/media?parent=3392"}],"wp:term":[{"taxonomy":"category","embeddable":true,"href":"https:\/\/www.eurekers.com\/cursosbolsa\/wp-json\/wp\/v2\/categories?post=3392"},{"taxonomy":"post_tag","embeddable":true,"href":"https:\/\/www.eurekers.com\/cursosbolsa\/wp-json\/wp\/v2\/tags?post=3392"}],"curies":[{"name":"wp","href":"https:\/\/api.w.org\/{rel}","templated":true}]}}