{"id":106659,"date":"2025-10-20T17:32:33","date_gmt":"2025-10-20T17:32:33","guid":{"rendered":"https:\/\/www.eurekers.com\/cursosbolsa\/?p=106659"},"modified":"2026-04-12T14:50:07","modified_gmt":"2026-04-12T14:50:07","slug":"que-esconde-el-gobierno-detras-de-su-rectificacion-en-la-subida-de-cuotas-de-los-autonomos","status":"publish","type":"post","link":"https:\/\/www.eurekers.com\/cursosbolsa\/que-esconde-el-gobierno-detras-de-su-rectificacion-en-la-subida-de-cuotas-de-los-autonomos","title":{"rendered":"\u00bfQu\u00e9 esconde el Gobierno detr\u00e1s de su rectificaci\u00f3n en la subida de cuotas de los aut\u00f3nomos?"},"content":{"rendered":"<p>Finalmente, <strong>los aut\u00f3nomos podr\u00e1n respirar debido a que en 2026 las cuotas a la Seguridad Social no subir\u00e1n tanto<\/strong> como, en un principio, el Gobierno hab\u00eda anunciado. M\u00e1s en particular, el Ministerio de Inclusi\u00f3n, Seguridad Social y Migraciones propuso una subida significativa de las cuotas del r\u00e9gimen de <strong><a href=\"https:\/\/www.eurekers.com\/cursosbolsa\/autonomos-todo-lo-que-necesitas-saber\">aut\u00f3nomos<\/a><\/strong> a partir de 2026, que abarcar\u00eda diferentes tramos de ingresos y que, en algunos casos, pod\u00eda alcanzar incrementos de hasta 206\u20ac mensuales.<\/p>\n<p>Pero, \u00bfde verdad se puede cantar victoria?<\/p>\n<h2>\u00bfQu\u00e9 se anunci\u00f3 inicialmente y c\u00f3mo ha cambiado la propuesta?<\/h2>\n<p>Cuando se dio a conocer la propuesta inicial para 2026, el ministerio mantuvo que el nuevo sistema de cotizaci\u00f3n vinculado a los ingresos netos reales (ya iniciado en 2023-25) dar\u00eda un paso decisivo, como se puede apreciar en la siguiente tabla.<\/p>\n<figure id=\"attachment_106660\" aria-describedby=\"caption-attachment-106660\" style=\"width: 1363px\" class=\"wp-caption aligncenter\"><img fetchpriority=\"high\" decoding=\"async\" class=\"wp-image-106660 size-full\" src=\"https:\/\/www.eurekers.com\/cursosbolsa\/wp-content\/uploads\/2025\/10\/image-4.jpeg\" alt=\"Propuesta de subida de las cuotas de aut\u00f3nomos\" width=\"1363\" height=\"709\" srcset=\"https:\/\/www.eurekers.com\/cursosbolsa\/wp-content\/uploads\/2025\/10\/image-4.jpeg 1363w, https:\/\/www.eurekers.com\/cursosbolsa\/wp-content\/uploads\/2025\/10\/image-4-300x156.jpeg 300w, https:\/\/www.eurekers.com\/cursosbolsa\/wp-content\/uploads\/2025\/10\/image-4-1024x533.jpeg 1024w\" sizes=\"(max-width: 1363px) 100vw, 1363px\" \/><figcaption id=\"caption-attachment-106660\" class=\"wp-caption-text\">Fuente: Seguridad Social.<\/figcaption><\/figure>\n<p>De acuerdo con esta propuesta, las subidas iban a ser bastante significativas a lo largo del pr\u00f3ximo a\u00f1o:<\/p>\n<ul>\n<li><strong>La cuota m\u00ednima pasar\u00eda a 200\u20ac a 217\u20ac<\/strong> mensuales para quienes ingresen menos de 670\u20ac netos al mes.<\/li>\n<li>En un tramo medio de, por ejemplo, entre 2.031\u20ac y 2.330\u20ac netos al mes, pasar\u00eda de 390\u20ac a 429\u20ac.<\/li>\n<li>Y para los tramos m\u00e1s altos de m\u00e1s de 6.000\u20ac de ingresos reales, el hachazo aumentar\u00eda de 590\u20ac a 796\u20ac cada mes.<\/li>\n<\/ul>\n<p>Pues bien, <strong>tras el intenso debate y pol\u00e9mica que se gener\u00f3<\/strong> durante toda la semana pasada, debido al fuerte rechazo de varias asociaciones del colectivo de aut\u00f3nomos (como ATA), podemos afirmar que <strong>se ha conseguido cierta victoria en el sector<\/strong>, pero mucho m\u00e1s peque\u00f1a de lo imaginada.<\/p>\n<figure id=\"attachment_106661\" aria-describedby=\"caption-attachment-106661\" style=\"width: 970px\" class=\"wp-caption aligncenter\"><img decoding=\"async\" class=\"wp-image-106661 size-full\" src=\"https:\/\/www.eurekers.com\/cursosbolsa\/wp-content\/uploads\/2025\/10\/image-5.jpeg\" alt=\"Cambio en la propuesta de subida de las cotizaciones\" width=\"970\" height=\"519\" srcset=\"https:\/\/www.eurekers.com\/cursosbolsa\/wp-content\/uploads\/2025\/10\/image-5.jpeg 970w, https:\/\/www.eurekers.com\/cursosbolsa\/wp-content\/uploads\/2025\/10\/image-5-300x161.jpeg 300w\" sizes=\"(max-width: 970px) 100vw, 970px\" \/><figcaption id=\"caption-attachment-106661\" class=\"wp-caption-text\">Fuente: Seguridad Social<\/figcaption><\/figure>\n<p>Como es apreciable en el segundo cuadro, al final la sangre no llegar\u00e1 al r\u00edo. De esta forma:<\/p>\n<ul>\n<li><strong>En los tramos de ingresos reales m\u00e1s bajos no habr\u00e1 subida de las cuotas<\/strong>.<\/li>\n<li><strong>En los tramos intermedios apenas ser\u00e1n de un 1% o 1,5%<\/strong> (lo que en la pr\u00e1ctica acabar\u00e1n siendo \u201csolo\u201d 5\u20ac mensuales).<\/li>\n<li>En cuanto a <strong>los tramos de ingresos m\u00e1s elevados la subida ser\u00e1 de un 2,5%<\/strong> -en el peor de los casos 15\u20ac\/mes-.<\/li>\n<\/ul>\n<p>Ahora bien, aunque es una <strong>victoria muy importante<\/strong> porque, al final, todo lo que sea procrastinar la cu\u00f1a fiscal siempre es positivo, <strong>la guerra est\u00e1 muy lejos de acabarse<\/strong>. Veamos porqu\u00e9.<\/p>\n<h2>\u00bfCu\u00e1l es el plan de la cuota de aut\u00f3nomos para 2032?<\/h2>\n<p>Y es que <strong>lo visto estos d\u00edas no es m\u00e1s que una ralentizaci\u00f3n del plan<\/strong>\u00a0presentado ante Bruselas, como parte de los compromisos de sostenibilidad del sistema p\u00fablico, que incluye una importante subida de cuotas a aut\u00f3nomos de forma escalonada a\u00f1o a a\u00f1o, ajustando los tramos hasta llegar al modelo \u201creal\u201d de aportaci\u00f3n. Con todo, <strong>el objetivo final es que cada tramo tribute en torno al 30% de sus ingresos reales a fecha de 2032<\/strong>, equiparando progresivamente la carga fiscal de los trabajadores por cuenta propia con la de los asalariados.<\/p>\n<p><img decoding=\"async\" class=\"aligncenter size-full wp-image-106663\" src=\"https:\/\/www.eurekers.com\/cursosbolsa\/wp-content\/uploads\/2025\/10\/image-6.jpeg\" alt=\"Este es el plan del Gobierno para los aut\u00f3nomos a 2032\" width=\"1849\" height=\"1030\" srcset=\"https:\/\/www.eurekers.com\/cursosbolsa\/wp-content\/uploads\/2025\/10\/image-6.jpeg 1849w, https:\/\/www.eurekers.com\/cursosbolsa\/wp-content\/uploads\/2025\/10\/image-6-300x167.jpeg 300w, https:\/\/www.eurekers.com\/cursosbolsa\/wp-content\/uploads\/2025\/10\/image-6-1024x570.jpeg 1024w, https:\/\/www.eurekers.com\/cursosbolsa\/wp-content\/uploads\/2025\/10\/image-6-1536x856.jpeg 1536w\" sizes=\"(max-width: 1849px) 100vw, 1849px\" \/><\/p>\n<p>En la pr\u00e1ctica, <strong>esto implicar\u00eda que un aut\u00f3nomo con unos ingresos netos de 2.000\u20ac mensuales acabar\u00eda pagando una cuota cercana a los 600\u20ac<\/strong>, frente a los 320\u20ac-350\u20ac actuales. Y <strong>aquellos que cobren 4.100\u20ac de ingresos reales deber\u00edan soportar una cu\u00f1a fiscal de 1.375\u20ac<\/strong>.<\/p>\n<p>En definitiva, <strong>lo que ha hecho el Ejecutivo es posponer las subidas<\/strong>, no eliminarlas. Y con las elecciones previstas para 2027, todo apunta a que tambi\u00e9n ese a\u00f1o podr\u00eda aplazarse cualquier incremento relevante. No obstante, <strong>si se mantiene el plan comprometido con las instituciones europeas<\/strong>, <strong>la cu\u00f1a fiscal acabar\u00e1 llegando<\/strong>, m\u00e1s tarde o m\u00e1s temprano. Eso s\u00ed, para entonces, y con la presi\u00f3n medi\u00e1tica y social que ya se ha demostrado eficaz, <strong>tal vez se busque un nuevo equilibrio o acuerdo de \u00faltima hora que suavice la transici\u00f3n hacia ese sistema definitivo<\/strong> de cotizaci\u00f3n por ingresos reales.<\/p>\n","protected":false},"excerpt":{"rendered":"<p>El Gobierno ha recapacitado y no subir\u00e1 en exceso las cotizaciones de los aut\u00f3nomos para 2026&#8230; Posponiendo lo peor a 2032.<\/p>\n","protected":false},"author":17,"featured_media":106662,"comment_status":"open","ping_status":"open","sticky":false,"template":"","format":"standard","meta":{"_joinchat":[],"footnotes":""},"categories":[107],"tags":[150,379,393,1032],"class_list":["post-106659","post","type-post","status-publish","format-standard","has-post-thumbnail","hentry","category-noticias","tag-economia","tag-espana","tag-autonomos","tag-cuota"],"yoast_head":"<!-- This site is optimized with the Yoast SEO plugin v25.5 - https:\/\/yoast.com\/wordpress\/plugins\/seo\/ -->\n<title>\u00bfQu\u00e9 esconde el Gobierno detr\u00e1s de su rectificaci\u00f3n en la subida de cuotas de los aut\u00f3nomos? - Eurekers<\/title>\n<meta name=\"description\" content=\"El Gobierno ha recapacitado y no subir\u00e1 en exceso las cotizaciones de los aut\u00f3nomos para 2026... Posponiendo lo peor a 2032.\" \/>\n<meta name=\"robots\" content=\"index, follow, max-snippet:-1, max-image-preview:large, max-video-preview:-1\" \/>\n<link rel=\"canonical\" href=\"https:\/\/www.eurekers.com\/cursosbolsa\/que-esconde-el-gobierno-detras-de-su-rectificacion-en-la-subida-de-cuotas-de-los-autonomos\" \/>\n<meta property=\"og:locale\" content=\"es_ES\" \/>\n<meta property=\"og:type\" content=\"article\" \/>\n<meta property=\"og:title\" content=\"\u00bfQu\u00e9 esconde el Gobierno detr\u00e1s de su rectificaci\u00f3n en la subida de cuotas de los aut\u00f3nomos? - Eurekers\" \/>\n<meta property=\"og:description\" content=\"El Gobierno ha recapacitado y no subir\u00e1 en exceso las cotizaciones de los aut\u00f3nomos para 2026... Posponiendo lo peor a 2032.\" \/>\n<meta property=\"og:url\" content=\"https:\/\/www.eurekers.com\/cursosbolsa\/que-esconde-el-gobierno-detras-de-su-rectificacion-en-la-subida-de-cuotas-de-los-autonomos\" \/>\n<meta property=\"og:site_name\" content=\"Blog de Bolsa - Eurekers\" \/>\n<meta property=\"article:publisher\" content=\"https:\/\/www.facebook.com\/eurekersbolsa\" \/>\n<meta property=\"article:published_time\" content=\"2025-10-20T17:32:33+00:00\" \/>\n<meta property=\"article:modified_time\" content=\"2026-04-12T14:50:07+00:00\" \/>\n<meta property=\"og:image\" content=\"https:\/\/www.eurekers.com\/cursosbolsa\/wp-content\/uploads\/2025\/10\/2025-10-21_AUTONOMOS.png\" \/>\n\t<meta property=\"og:image:width\" content=\"726\" \/>\n\t<meta property=\"og:image:height\" content=\"275\" \/>\n\t<meta property=\"og:image:type\" content=\"image\/png\" \/>\n<meta name=\"author\" content=\"Helena Garc\u00eda\" \/>\n<meta name=\"twitter:card\" content=\"summary_large_image\" \/>\n<meta name=\"twitter:creator\" content=\"@eurekersbolsa\" \/>\n<meta name=\"twitter:site\" content=\"@eurekersbolsa\" \/>\n<meta name=\"twitter:label1\" content=\"Escrito por\" \/>\n\t<meta name=\"twitter:data1\" content=\"Helena Garc\u00eda\" \/>\n\t<meta name=\"twitter:label2\" content=\"Tiempo de lectura\" \/>\n\t<meta name=\"twitter:data2\" content=\"3 minutos\" \/>\n<script type=\"application\/ld+json\" class=\"yoast-schema-graph\">{\"@context\":\"https:\/\/schema.org\",\"@graph\":[{\"@type\":\"Article\",\"@id\":\"https:\/\/www.eurekers.com\/cursosbolsa\/que-esconde-el-gobierno-detras-de-su-rectificacion-en-la-subida-de-cuotas-de-los-autonomos#article\",\"isPartOf\":{\"@id\":\"https:\/\/www.eurekers.com\/cursosbolsa\/que-esconde-el-gobierno-detras-de-su-rectificacion-en-la-subida-de-cuotas-de-los-autonomos\"},\"author\":{\"name\":\"Helena Garc\u00eda\",\"@id\":\"https:\/\/www.eurekers.com\/cursosbolsa\/#\/schema\/person\/3f69752ea76301fe1d0d03b41cf01ce0\"},\"headline\":\"\u00bfQu\u00e9 esconde el Gobierno detr\u00e1s de su rectificaci\u00f3n en la subida de cuotas de los aut\u00f3nomos?\",\"datePublished\":\"2025-10-20T17:32:33+00:00\",\"dateModified\":\"2026-04-12T14:50:07+00:00\",\"mainEntityOfPage\":{\"@id\":\"https:\/\/www.eurekers.com\/cursosbolsa\/que-esconde-el-gobierno-detras-de-su-rectificacion-en-la-subida-de-cuotas-de-los-autonomos\"},\"wordCount\":672,\"commentCount\":0,\"publisher\":{\"@id\":\"https:\/\/www.eurekers.com\/cursosbolsa\/#organization\"},\"image\":{\"@id\":\"https:\/\/www.eurekers.com\/cursosbolsa\/que-esconde-el-gobierno-detras-de-su-rectificacion-en-la-subida-de-cuotas-de-los-autonomos#primaryimage\"},\"thumbnailUrl\":\"https:\/\/www.eurekers.com\/cursosbolsa\/wp-content\/uploads\/2025\/10\/2025-10-21_AUTONOMOS.png\",\"keywords\":[\"econom\u00eda\",\"Espa\u00f1a\",\"aut\u00f3nomos\",\"cuota\"],\"articleSection\":[\"Noticias\"],\"inLanguage\":\"es\",\"potentialAction\":[{\"@type\":\"CommentAction\",\"name\":\"Comment\",\"target\":[\"https:\/\/www.eurekers.com\/cursosbolsa\/que-esconde-el-gobierno-detras-de-su-rectificacion-en-la-subida-de-cuotas-de-los-autonomos#respond\"]}]},{\"@type\":\"WebPage\",\"@id\":\"https:\/\/www.eurekers.com\/cursosbolsa\/que-esconde-el-gobierno-detras-de-su-rectificacion-en-la-subida-de-cuotas-de-los-autonomos\",\"url\":\"https:\/\/www.eurekers.com\/cursosbolsa\/que-esconde-el-gobierno-detras-de-su-rectificacion-en-la-subida-de-cuotas-de-los-autonomos\",\"name\":\"\u00bfQu\u00e9 esconde el Gobierno detr\u00e1s de su rectificaci\u00f3n en la subida de cuotas de los aut\u00f3nomos? - Eurekers\",\"isPartOf\":{\"@id\":\"https:\/\/www.eurekers.com\/cursosbolsa\/#website\"},\"primaryImageOfPage\":{\"@id\":\"https:\/\/www.eurekers.com\/cursosbolsa\/que-esconde-el-gobierno-detras-de-su-rectificacion-en-la-subida-de-cuotas-de-los-autonomos#primaryimage\"},\"image\":{\"@id\":\"https:\/\/www.eurekers.com\/cursosbolsa\/que-esconde-el-gobierno-detras-de-su-rectificacion-en-la-subida-de-cuotas-de-los-autonomos#primaryimage\"},\"thumbnailUrl\":\"https:\/\/www.eurekers.com\/cursosbolsa\/wp-content\/uploads\/2025\/10\/2025-10-21_AUTONOMOS.png\",\"datePublished\":\"2025-10-20T17:32:33+00:00\",\"dateModified\":\"2026-04-12T14:50:07+00:00\",\"description\":\"El Gobierno ha recapacitado y no subir\u00e1 en exceso las cotizaciones de los aut\u00f3nomos para 2026... Posponiendo lo peor a 2032.\",\"breadcrumb\":{\"@id\":\"https:\/\/www.eurekers.com\/cursosbolsa\/que-esconde-el-gobierno-detras-de-su-rectificacion-en-la-subida-de-cuotas-de-los-autonomos#breadcrumb\"},\"inLanguage\":\"es\",\"potentialAction\":[{\"@type\":\"ReadAction\",\"target\":[\"https:\/\/www.eurekers.com\/cursosbolsa\/que-esconde-el-gobierno-detras-de-su-rectificacion-en-la-subida-de-cuotas-de-los-autonomos\"]}]},{\"@type\":\"ImageObject\",\"inLanguage\":\"es\",\"@id\":\"https:\/\/www.eurekers.com\/cursosbolsa\/que-esconde-el-gobierno-detras-de-su-rectificacion-en-la-subida-de-cuotas-de-los-autonomos#primaryimage\",\"url\":\"https:\/\/www.eurekers.com\/cursosbolsa\/wp-content\/uploads\/2025\/10\/2025-10-21_AUTONOMOS.png\",\"contentUrl\":\"https:\/\/www.eurekers.com\/cursosbolsa\/wp-content\/uploads\/2025\/10\/2025-10-21_AUTONOMOS.png\",\"width\":726,\"height\":275,\"caption\":\"El Gobierno ha recapacitado y no subir\u00e1 en exceso las cotizaciones de los aut\u00f3nomos para 2026... Posponiendo lo peor a 2032.\"},{\"@type\":\"BreadcrumbList\",\"@id\":\"https:\/\/www.eurekers.com\/cursosbolsa\/que-esconde-el-gobierno-detras-de-su-rectificacion-en-la-subida-de-cuotas-de-los-autonomos#breadcrumb\",\"itemListElement\":[{\"@type\":\"ListItem\",\"position\":1,\"name\":\"Portada\",\"item\":\"https:\/\/www.eurekers.com\/cursosbolsa\/\"},{\"@type\":\"ListItem\",\"position\":2,\"name\":\"\u00bfQu\u00e9 esconde el Gobierno detr\u00e1s de su rectificaci\u00f3n en la subida de cuotas de los aut\u00f3nomos?\"}]},{\"@type\":\"WebSite\",\"@id\":\"https:\/\/www.eurekers.com\/cursosbolsa\/#website\",\"url\":\"https:\/\/www.eurekers.com\/cursosbolsa\/\",\"name\":\"Blog de Bolsa - Eurekers\",\"description\":\"Formaci\u00f3n y Comunidad de Bolsa\",\"publisher\":{\"@id\":\"https:\/\/www.eurekers.com\/cursosbolsa\/#organization\"},\"potentialAction\":[{\"@type\":\"SearchAction\",\"target\":{\"@type\":\"EntryPoint\",\"urlTemplate\":\"https:\/\/www.eurekers.com\/cursosbolsa\/?s={search_term_string}\"},\"query-input\":{\"@type\":\"PropertyValueSpecification\",\"valueRequired\":true,\"valueName\":\"search_term_string\"}}],\"inLanguage\":\"es\"},{\"@type\":\"Organization\",\"@id\":\"https:\/\/www.eurekers.com\/cursosbolsa\/#organization\",\"name\":\"Eurekers.com\",\"url\":\"https:\/\/www.eurekers.com\/cursosbolsa\/\",\"logo\":{\"@type\":\"ImageObject\",\"inLanguage\":\"es\",\"@id\":\"https:\/\/www.eurekers.com\/cursosbolsa\/#\/schema\/logo\/image\/\",\"url\":\"https:\/\/www.eurekers.com\/cursosbolsa\/wp-content\/uploads\/2018\/10\/Anagrama.png\",\"contentUrl\":\"https:\/\/www.eurekers.com\/cursosbolsa\/wp-content\/uploads\/2018\/10\/Anagrama.png\",\"width\":296,\"height\":274,\"caption\":\"Eurekers.com\"},\"image\":{\"@id\":\"https:\/\/www.eurekers.com\/cursosbolsa\/#\/schema\/logo\/image\/\"},\"sameAs\":[\"https:\/\/www.facebook.com\/eurekersbolsa\",\"https:\/\/x.com\/eurekersbolsa\",\"https:\/\/www.instagram.com\/eurekers\/\"]},{\"@type\":\"Person\",\"@id\":\"https:\/\/www.eurekers.com\/cursosbolsa\/#\/schema\/person\/3f69752ea76301fe1d0d03b41cf01ce0\",\"name\":\"Helena Garc\u00eda\",\"image\":{\"@type\":\"ImageObject\",\"inLanguage\":\"es\",\"@id\":\"https:\/\/www.eurekers.com\/cursosbolsa\/#\/schema\/person\/image\/\",\"url\":\"https:\/\/secure.gravatar.com\/avatar\/3f24279b7e4dd2fe2ed5cbee73552f0d?s=96&d=wp_user_avatar&r=g\",\"contentUrl\":\"https:\/\/secure.gravatar.com\/avatar\/3f24279b7e4dd2fe2ed5cbee73552f0d?s=96&d=wp_user_avatar&r=g\",\"caption\":\"Helena Garc\u00eda\"},\"url\":\"https:\/\/www.eurekers.com\/cursosbolsa\/author\/helenagarcia\"}]}<\/script>\n<!-- \/ Yoast SEO plugin. -->","yoast_head_json":{"title":"\u00bfQu\u00e9 esconde el Gobierno detr\u00e1s de su rectificaci\u00f3n en la subida de cuotas de los aut\u00f3nomos? - Eurekers","description":"El Gobierno ha recapacitado y no subir\u00e1 en exceso las cotizaciones de los aut\u00f3nomos para 2026... Posponiendo lo peor a 2032.","robots":{"index":"index","follow":"follow","max-snippet":"max-snippet:-1","max-image-preview":"max-image-preview:large","max-video-preview":"max-video-preview:-1"},"canonical":"https:\/\/www.eurekers.com\/cursosbolsa\/que-esconde-el-gobierno-detras-de-su-rectificacion-en-la-subida-de-cuotas-de-los-autonomos","og_locale":"es_ES","og_type":"article","og_title":"\u00bfQu\u00e9 esconde el Gobierno detr\u00e1s de su rectificaci\u00f3n en la subida de cuotas de los aut\u00f3nomos? - Eurekers","og_description":"El Gobierno ha recapacitado y no subir\u00e1 en exceso las cotizaciones de los aut\u00f3nomos para 2026... Posponiendo lo peor a 2032.","og_url":"https:\/\/www.eurekers.com\/cursosbolsa\/que-esconde-el-gobierno-detras-de-su-rectificacion-en-la-subida-de-cuotas-de-los-autonomos","og_site_name":"Blog de Bolsa - Eurekers","article_publisher":"https:\/\/www.facebook.com\/eurekersbolsa","article_published_time":"2025-10-20T17:32:33+00:00","article_modified_time":"2026-04-12T14:50:07+00:00","og_image":[{"width":726,"height":275,"url":"https:\/\/www.eurekers.com\/cursosbolsa\/wp-content\/uploads\/2025\/10\/2025-10-21_AUTONOMOS.png","type":"image\/png"}],"author":"Helena Garc\u00eda","twitter_card":"summary_large_image","twitter_creator":"@eurekersbolsa","twitter_site":"@eurekersbolsa","twitter_misc":{"Escrito por":"Helena Garc\u00eda","Tiempo de lectura":"3 minutos"},"schema":{"@context":"https:\/\/schema.org","@graph":[{"@type":"Article","@id":"https:\/\/www.eurekers.com\/cursosbolsa\/que-esconde-el-gobierno-detras-de-su-rectificacion-en-la-subida-de-cuotas-de-los-autonomos#article","isPartOf":{"@id":"https:\/\/www.eurekers.com\/cursosbolsa\/que-esconde-el-gobierno-detras-de-su-rectificacion-en-la-subida-de-cuotas-de-los-autonomos"},"author":{"name":"Helena Garc\u00eda","@id":"https:\/\/www.eurekers.com\/cursosbolsa\/#\/schema\/person\/3f69752ea76301fe1d0d03b41cf01ce0"},"headline":"\u00bfQu\u00e9 esconde el Gobierno detr\u00e1s de su rectificaci\u00f3n en la subida de cuotas de los aut\u00f3nomos?","datePublished":"2025-10-20T17:32:33+00:00","dateModified":"2026-04-12T14:50:07+00:00","mainEntityOfPage":{"@id":"https:\/\/www.eurekers.com\/cursosbolsa\/que-esconde-el-gobierno-detras-de-su-rectificacion-en-la-subida-de-cuotas-de-los-autonomos"},"wordCount":672,"commentCount":0,"publisher":{"@id":"https:\/\/www.eurekers.com\/cursosbolsa\/#organization"},"image":{"@id":"https:\/\/www.eurekers.com\/cursosbolsa\/que-esconde-el-gobierno-detras-de-su-rectificacion-en-la-subida-de-cuotas-de-los-autonomos#primaryimage"},"thumbnailUrl":"https:\/\/www.eurekers.com\/cursosbolsa\/wp-content\/uploads\/2025\/10\/2025-10-21_AUTONOMOS.png","keywords":["econom\u00eda","Espa\u00f1a","aut\u00f3nomos","cuota"],"articleSection":["Noticias"],"inLanguage":"es","potentialAction":[{"@type":"CommentAction","name":"Comment","target":["https:\/\/www.eurekers.com\/cursosbolsa\/que-esconde-el-gobierno-detras-de-su-rectificacion-en-la-subida-de-cuotas-de-los-autonomos#respond"]}]},{"@type":"WebPage","@id":"https:\/\/www.eurekers.com\/cursosbolsa\/que-esconde-el-gobierno-detras-de-su-rectificacion-en-la-subida-de-cuotas-de-los-autonomos","url":"https:\/\/www.eurekers.com\/cursosbolsa\/que-esconde-el-gobierno-detras-de-su-rectificacion-en-la-subida-de-cuotas-de-los-autonomos","name":"\u00bfQu\u00e9 esconde el Gobierno detr\u00e1s de su rectificaci\u00f3n en la subida de cuotas de los aut\u00f3nomos? - Eurekers","isPartOf":{"@id":"https:\/\/www.eurekers.com\/cursosbolsa\/#website"},"primaryImageOfPage":{"@id":"https:\/\/www.eurekers.com\/cursosbolsa\/que-esconde-el-gobierno-detras-de-su-rectificacion-en-la-subida-de-cuotas-de-los-autonomos#primaryimage"},"image":{"@id":"https:\/\/www.eurekers.com\/cursosbolsa\/que-esconde-el-gobierno-detras-de-su-rectificacion-en-la-subida-de-cuotas-de-los-autonomos#primaryimage"},"thumbnailUrl":"https:\/\/www.eurekers.com\/cursosbolsa\/wp-content\/uploads\/2025\/10\/2025-10-21_AUTONOMOS.png","datePublished":"2025-10-20T17:32:33+00:00","dateModified":"2026-04-12T14:50:07+00:00","description":"El Gobierno ha recapacitado y no subir\u00e1 en exceso las cotizaciones de los aut\u00f3nomos para 2026... Posponiendo lo peor a 2032.","breadcrumb":{"@id":"https:\/\/www.eurekers.com\/cursosbolsa\/que-esconde-el-gobierno-detras-de-su-rectificacion-en-la-subida-de-cuotas-de-los-autonomos#breadcrumb"},"inLanguage":"es","potentialAction":[{"@type":"ReadAction","target":["https:\/\/www.eurekers.com\/cursosbolsa\/que-esconde-el-gobierno-detras-de-su-rectificacion-en-la-subida-de-cuotas-de-los-autonomos"]}]},{"@type":"ImageObject","inLanguage":"es","@id":"https:\/\/www.eurekers.com\/cursosbolsa\/que-esconde-el-gobierno-detras-de-su-rectificacion-en-la-subida-de-cuotas-de-los-autonomos#primaryimage","url":"https:\/\/www.eurekers.com\/cursosbolsa\/wp-content\/uploads\/2025\/10\/2025-10-21_AUTONOMOS.png","contentUrl":"https:\/\/www.eurekers.com\/cursosbolsa\/wp-content\/uploads\/2025\/10\/2025-10-21_AUTONOMOS.png","width":726,"height":275,"caption":"El Gobierno ha recapacitado y no subir\u00e1 en exceso las cotizaciones de los aut\u00f3nomos para 2026... Posponiendo lo peor a 2032."},{"@type":"BreadcrumbList","@id":"https:\/\/www.eurekers.com\/cursosbolsa\/que-esconde-el-gobierno-detras-de-su-rectificacion-en-la-subida-de-cuotas-de-los-autonomos#breadcrumb","itemListElement":[{"@type":"ListItem","position":1,"name":"Portada","item":"https:\/\/www.eurekers.com\/cursosbolsa\/"},{"@type":"ListItem","position":2,"name":"\u00bfQu\u00e9 esconde el Gobierno detr\u00e1s de su rectificaci\u00f3n en la subida de cuotas de los aut\u00f3nomos?"}]},{"@type":"WebSite","@id":"https:\/\/www.eurekers.com\/cursosbolsa\/#website","url":"https:\/\/www.eurekers.com\/cursosbolsa\/","name":"Blog de Bolsa - Eurekers","description":"Formaci\u00f3n y Comunidad de Bolsa","publisher":{"@id":"https:\/\/www.eurekers.com\/cursosbolsa\/#organization"},"potentialAction":[{"@type":"SearchAction","target":{"@type":"EntryPoint","urlTemplate":"https:\/\/www.eurekers.com\/cursosbolsa\/?s={search_term_string}"},"query-input":{"@type":"PropertyValueSpecification","valueRequired":true,"valueName":"search_term_string"}}],"inLanguage":"es"},{"@type":"Organization","@id":"https:\/\/www.eurekers.com\/cursosbolsa\/#organization","name":"Eurekers.com","url":"https:\/\/www.eurekers.com\/cursosbolsa\/","logo":{"@type":"ImageObject","inLanguage":"es","@id":"https:\/\/www.eurekers.com\/cursosbolsa\/#\/schema\/logo\/image\/","url":"https:\/\/www.eurekers.com\/cursosbolsa\/wp-content\/uploads\/2018\/10\/Anagrama.png","contentUrl":"https:\/\/www.eurekers.com\/cursosbolsa\/wp-content\/uploads\/2018\/10\/Anagrama.png","width":296,"height":274,"caption":"Eurekers.com"},"image":{"@id":"https:\/\/www.eurekers.com\/cursosbolsa\/#\/schema\/logo\/image\/"},"sameAs":["https:\/\/www.facebook.com\/eurekersbolsa","https:\/\/x.com\/eurekersbolsa","https:\/\/www.instagram.com\/eurekers\/"]},{"@type":"Person","@id":"https:\/\/www.eurekers.com\/cursosbolsa\/#\/schema\/person\/3f69752ea76301fe1d0d03b41cf01ce0","name":"Helena Garc\u00eda","image":{"@type":"ImageObject","inLanguage":"es","@id":"https:\/\/www.eurekers.com\/cursosbolsa\/#\/schema\/person\/image\/","url":"https:\/\/secure.gravatar.com\/avatar\/3f24279b7e4dd2fe2ed5cbee73552f0d?s=96&d=wp_user_avatar&r=g","contentUrl":"https:\/\/secure.gravatar.com\/avatar\/3f24279b7e4dd2fe2ed5cbee73552f0d?s=96&d=wp_user_avatar&r=g","caption":"Helena Garc\u00eda"},"url":"https:\/\/www.eurekers.com\/cursosbolsa\/author\/helenagarcia"}]}},"_links":{"self":[{"href":"https:\/\/www.eurekers.com\/cursosbolsa\/wp-json\/wp\/v2\/posts\/106659"}],"collection":[{"href":"https:\/\/www.eurekers.com\/cursosbolsa\/wp-json\/wp\/v2\/posts"}],"about":[{"href":"https:\/\/www.eurekers.com\/cursosbolsa\/wp-json\/wp\/v2\/types\/post"}],"author":[{"embeddable":true,"href":"https:\/\/www.eurekers.com\/cursosbolsa\/wp-json\/wp\/v2\/users\/17"}],"replies":[{"embeddable":true,"href":"https:\/\/www.eurekers.com\/cursosbolsa\/wp-json\/wp\/v2\/comments?post=106659"}],"version-history":[{"count":2,"href":"https:\/\/www.eurekers.com\/cursosbolsa\/wp-json\/wp\/v2\/posts\/106659\/revisions"}],"predecessor-version":[{"id":106686,"href":"https:\/\/www.eurekers.com\/cursosbolsa\/wp-json\/wp\/v2\/posts\/106659\/revisions\/106686"}],"wp:featuredmedia":[{"embeddable":true,"href":"https:\/\/www.eurekers.com\/cursosbolsa\/wp-json\/wp\/v2\/media\/106662"}],"wp:attachment":[{"href":"https:\/\/www.eurekers.com\/cursosbolsa\/wp-json\/wp\/v2\/media?parent=106659"}],"wp:term":[{"taxonomy":"category","embeddable":true,"href":"https:\/\/www.eurekers.com\/cursosbolsa\/wp-json\/wp\/v2\/categories?post=106659"},{"taxonomy":"post_tag","embeddable":true,"href":"https:\/\/www.eurekers.com\/cursosbolsa\/wp-json\/wp\/v2\/tags?post=106659"}],"curies":[{"name":"wp","href":"https:\/\/api.w.org\/{rel}","templated":true}]}}