{"id":106562,"date":"2025-08-01T18:09:25","date_gmt":"2025-08-01T18:09:25","guid":{"rendered":"https:\/\/www.eurekers.com\/cursosbolsa\/?p=106562"},"modified":"2026-04-12T14:50:11","modified_gmt":"2026-04-12T14:50:11","slug":"que-y-cuando-es-el-dia-de-la-liberacion-fiscal-en-espana-en-2025","status":"publish","type":"post","link":"https:\/\/www.eurekers.com\/cursosbolsa\/que-y-cuando-es-el-dia-de-la-liberacion-fiscal-en-espana-en-2025","title":{"rendered":"\u00bfQu\u00e9 y cu\u00e1ndo es el d\u00eda de la Liberaci\u00f3n Fiscal en Espa\u00f1a en 2025?"},"content":{"rendered":"<p>\u00bfEres consciente de la <strong>cantidad de <a href=\"https:\/\/www.eurekers.com\/cursosbolsa\/que-son-los-impuestos-tipos-quien-paga-y-por-que\">impuestos<\/a> que pagas <a href=\"https:\/\/www.eurekers.com\/cursosbolsa\/los-impuestos-mas-altos-de-europa\">por ser ciudadano de Espa\u00f1a<\/a><\/strong>? Seguramente si eres <strong><a href=\"https:\/\/www.eurekers.com\/cursosbolsa\/autonomos-todo-lo-que-necesitas-saber\">aut\u00f3nomo<\/a><\/strong> o <strong><a href=\"https:\/\/www.eurekers.com\/cursosbolsa\/que-es-una-empresa-definicion-funciones\">empresario<\/a><\/strong>, te hagas una idea de ello\u2026 Pero <strong>si eres uno de los 15 millones de trabajadores por cuenta ajena que hay en el pa\u00eds, probablemente lo ignores<\/strong>.<\/p>\n<p><img fetchpriority=\"high\" decoding=\"async\" class=\"aligncenter wp-image-106563 size-full\" src=\"https:\/\/www.eurekers.com\/cursosbolsa\/wp-content\/uploads\/2025\/09\/Dia-de-la-liberacion-fiscal.png\" alt=\"D\u00eda de la liberaci\u00f3n fiscal\" width=\"597\" height=\"333\" srcset=\"https:\/\/www.eurekers.com\/cursosbolsa\/wp-content\/uploads\/2025\/09\/Dia-de-la-liberacion-fiscal.png 597w, https:\/\/www.eurekers.com\/cursosbolsa\/wp-content\/uploads\/2025\/09\/Dia-de-la-liberacion-fiscal-300x167.png 300w\" sizes=\"(max-width: 597px) 100vw, 597px\" \/><\/p>\n<p>Pues bien, con esta <strong><a href=\"https:\/\/civismo.org\/\">idea la fundaci\u00f3n Civismo<\/a><\/strong>, todos los a\u00f1os elabora el <strong>informe del D\u00eda de la Liberaci\u00f3n Fiscal<\/strong>, con el fin de que puedas saber <strong>qu\u00e9 d\u00eda dejas de trabajar para el Estado<\/strong>, para empezar a trabajar para ti y tus gastos personales. Por eso, en este art\u00edculo veremos exactamente <strong>qu\u00e9 es el D\u00eda de la Liberaci\u00f3n Fiscal<\/strong>, que se tiene en cuenta para su c\u00e1lculo, y lo m\u00e1s importante: cu\u00e1ndo dejamos de pagar impuestos en el presente a\u00f1o.<\/p>\n<h2>\u00bfQu\u00e9 es el D\u00eda de la Liberaci\u00f3n Fiscal?<\/h2>\n<p>El D\u00eda de la\u202fLiberaci\u00f3n\u202fFiscal (DLF), seg\u00fan la\u202fFundaci\u00f3n\u202fCivismo, es la <strong>fecha del calendario en la que un trabajador medio espa\u00f1ol deja de trabajar \u201cpara Hacienda\u201d y empieza a generar ingresos para s\u00ed mismo<\/strong>, incluyendo tanto sus gastos m\u00e1s b\u00e1sicos (hipoteca, gasolina o luz), como otros de autorrealizaci\u00f3n (ocio, viajes&#8230;).<\/p>\n<blockquote><p>El D\u00eda de la Liberaci\u00f3n Fiscal es la fecha del calendario en la que un trabajador medio espa\u00f1ol deja de trabajar \u201cpara Hacienda\u201d y empieza a generar ingresos para s\u00ed mismo.<\/p><\/blockquote>\n<p>Para <strong>calcularlo<\/strong>, Civismo suma lo que un contribuyente abona en cotizaciones sociales, IRPF, IVA, impuestos especiales y dem\u00e1s tributos estatales, auton\u00f3micos y municipales, y lo convierte en jornadas de salario de la siguiente manera:<\/p>\n<ul>\n<li>Los primeros d\u00edas del a\u00f1o \u201cpagan\u201d los impuestos correspondientes.<\/li>\n<li>Mientras que los restantes, el sustento y estilo de vida del ciudadano.<\/li>\n<\/ul>\n<p>En pocas palabras, es un <strong>term\u00f3metro del peso real de los impuestos sobre la renta de las familias espa\u00f1olas<\/strong>. Obviamente, cuanto m\u00e1s tarde caiga la fecha, mayor es la carga que soportan.<\/p>\n<h2>\u00bfQu\u00e9 impuestos se tienen en cuenta para calcular el D\u00eda de la Liberaci\u00f3n Fiscal?<\/h2>\n<p>Veamos los seis grupos de <strong><a href=\"https:\/\/www.eurekers.com\/cursosbolsa\/que-son-los-impuestos-tipos-quien-paga-y-por-que\">tributos m\u00e1s destacados<\/a><\/strong>:<\/p>\n<ul>\n<li><strong>Cotizaciones sociales<\/strong> (cuotas del trabajador\u202f+ de forma m\u00e1s discutible cuota de la \u202fempresa a la Seguridad\u202fSocial): Aqu\u00ed puede estar el punto m\u00e1s pol\u00e9mico, ya que muchos consideran que la aportaci\u00f3n de la empresa no es un impuesto \u201cal trabajador\u201d Sin embargo, en econom\u00eda laboral se entiende que es salario diferido: al empresario le resultar\u00eda indiferente abonar ese importe como sueldo bruto adicional y que luego el trabajador lo ingresara a la Seguridad\u202fSocial, que ingresarlo ella misma, de modo que en la pr\u00e1ctica, no deja de ser un impuesto sobre el trabajador. De hecho, las empresas cuando contratan a alguien no piensan en el salario bruto, sino en el coste laboral total que van a abonar.<\/li>\n<li><strong>IRPF<\/strong>:\u202flo que incluye el tramo estatal y auton\u00f3mico (al 50% cada una) del Impuesto sobre la Renta de las Personas F\u00edsicas.<\/li>\n<li><strong>IVA<\/strong>:\u202fImpuesto sobre el Valor A\u00f1adido que grava el consumo de todos los ciudadanos de Espa\u00f1a.<\/li>\n<li><strong>Impuestos especiales<\/strong>: Hace referencia a impuestos especiales sobre insumos que de alguna manera todos vamos a consumir, unos por otros: Alcohol, tabaco, carburantes, electricidad, etc.<\/li>\n<li><strong>Tributos locales<\/strong>: \u202fIBI, impuesto de circulaci\u00f3n y otras tasas municipales.<\/li>\n<li><strong>Otros impuestos<\/strong>: como son los impuestos sobre el ahorro y el capital, sobre patrimonio y riqueza, e impuestos sobre la producci\u00f3n y las importaciones.<\/li>\n<\/ul>\n<h2>\u00bfQu\u00e9 d\u00eda es la Liberaci\u00f3n Fiscal de Espa\u00f1a en 2025?<\/h2>\n<p>Por primera vez, <strong>el D\u00eda de la Liberaci\u00f3n\u202fFiscal<\/strong> (DLF) <strong>se retrasar\u00e1 al 18 de agosto de 2025<\/strong>, seg\u00fan el Informe de la Fundaci\u00f3n Civismo. Es decir, si en 2024 la cifra oficial fue el 30\u202fde\u202fjulio (d\u00eda\u202f212 del a\u00f1o bisiesto), este a\u00f1o se ha retrasado 16 d\u00edas, por lo que necesitaremos de 228 d\u00edas. O dicho en otras palabras, en t\u00e9rminos medios la Liberaci\u00f3n Fiscal de los ciudadanos espa\u00f1oles se producir\u00e1 el 18 de agosto de 2025. <strong>Este mayor esfuerzo fiscal respecto al a\u00f1o pasado<\/strong>\u00a0<strong>es debido al alza de cotizaciones<\/strong>, <strong>as\u00ed como la ausencia de deflectaci\u00f3n del IRPF<\/strong>, que har\u00e1n que el contribuyente medio necesite algo m\u00e1s de siete meses de trabajo para cubrir todos sus tributos.<\/p>\n<p>Con todo, siete meses y medio, es decir, <strong>m\u00e1s de la mitad del a\u00f1o trabajado<\/strong>, concretamente el 62% del a\u00f1o laboral,<strong> es S\u00d3LO para pagar impuestos<\/strong>, lo que inherentemente significa que el resto de nuestros gastos (vivienda, comida, suministros, ocio\u2026) los tenemos que cubrir con el trabajo durante los restantes cuatro meses y medio. Quiz\u00e1s la precariedad tenga nombre y apellidos.<\/p>\n<h3>\u00bfY esto es igual para todas las Comunidades Aut\u00f3nomas?<\/h3>\n<p>Obviamente no. <strong>Debido a que algunos tributos est\u00e1n en manos de las Comunidades Aut\u00f3nomas <\/strong>(CC.AA.), as\u00ed como la mitad del IRPF, la cosa puede variar ligeramente entre unas CC.AA. y otras, en funci\u00f3n de lo mayor o menor extractivas que sean. Sin embargo, tampoco hay que transmitir la idea de que existen unos espa\u00f1oles en \u201cde primera\u201d y otros \u201cde segunda\u201d, porque <strong>al fin y al cabo la diferencia real oscila en torno a dos\u202fsemanas<\/strong> (en 2024 fue de 12\u202fd\u00edas). De hecho, para 2025, los c\u00e1lculos de Civismo apuntan a un desfase de 12\u202fd\u00edas como m\u00e1ximo. Veamos ahora un cuadro de las CC.AA. de mayor y menor presi\u00f3n fiscal sobre sus ciudadanos, no con base en un porcentaje, sino al d\u00eda del a\u00f1o en el que se liberaron de la cu\u00f1a fiscal.<\/p>\n<h4>CC.AA. con menor presi\u00f3n fiscal (estimaci\u00f3n 2025)<\/h4>\n<table>\n<tbody>\n<tr>\n<td><b>Comunidad\u00a0<\/b><\/td>\n<td><b>DLF 2024<\/b><\/td>\n<td><b>DLF estimado\u202f2025<\/b><\/td>\n<\/tr>\n<tr>\n<td><b>Pa\u00eds\u202fVasco<\/b><\/td>\n<td>22\u202fde julio 2024<\/td>\n<td>12 de agosto\u202f2025<\/td>\n<\/tr>\n<tr>\n<td><b>La Rioja<\/b><\/td>\n<td>23 de \u202fjulio 2024<\/td>\n<td>13\u202fde agosto 2025<\/td>\n<\/tr>\n<tr>\n<td><b>Madrid<\/b><\/td>\n<td>27 de \u202fjulio\u202f2024<\/td>\n<td>15 de agosto\u202f2025<\/td>\n<\/tr>\n<tr>\n<td><b>Canarias<\/b><\/td>\n<td>29\u202fde julio\u202f2024<\/td>\n<td>16 de agosto 2025<\/td>\n<\/tr>\n<\/tbody>\n<\/table>\n<p>Por cierto, no es casualidad que la CC.AA. que antes sale del yugo estatal sea el Pa\u00eds Vasco con una diferencia de 3 d\u00edas respecto a Madrid. M\u00e1s abajo explicaremos por qu\u00e9.<\/p>\n<h4>CC.AA. con mayor presi\u00f3n fiscal (estimaci\u00f3n 2025)<\/h4>\n<p>Mientras que las regiones auton\u00f3micas con mayor presi\u00f3n fiscal son las siguientes:<\/p>\n<table>\n<tbody>\n<tr>\n<td><b>Comunidad\u00a0<\/b><\/td>\n<td><b>DLF 2024<\/b><\/td>\n<td><b>DLF estimado\u202f2025<\/b><\/td>\n<\/tr>\n<tr>\n<td><b>Catalu\u00f1a<\/b><\/td>\n<td>04\u202fde agosto 2024<\/td>\n<td>24\u202fde agosto\u202f2025<\/td>\n<\/tr>\n<tr>\n<td><b>Extremadura<\/b><\/td>\n<td>02 de agosto 2024<\/td>\n<td>24\u202fde agosto\u202f2025<\/td>\n<\/tr>\n<tr>\n<td><b>Arag\u00f3n<\/b><\/td>\n<td>02 de agosto 2024<\/td>\n<td>23\u202fde agosto\u202f2025<\/td>\n<\/tr>\n<\/tbody>\n<\/table>\n<p>Os dejamos tambi\u00e9n una tabla del D\u00eda de la Liberaci\u00f3n Fiscal por CC.AA., elaborada por Civismo:<\/p>\n<p><img decoding=\"async\" class=\"aligncenter size-full wp-image-106564\" src=\"https:\/\/www.eurekers.com\/cursosbolsa\/wp-content\/uploads\/2025\/09\/dia-liberacion-fiscal-ccaa.jpg\" alt=\"D\u00eda de la liberaci\u00f3n fiscal por Comunidad Aut\u00f3noma\" width=\"905\" height=\"899\" srcset=\"https:\/\/www.eurekers.com\/cursosbolsa\/wp-content\/uploads\/2025\/09\/dia-liberacion-fiscal-ccaa.jpg 905w, https:\/\/www.eurekers.com\/cursosbolsa\/wp-content\/uploads\/2025\/09\/dia-liberacion-fiscal-ccaa-300x298.jpg 300w, https:\/\/www.eurekers.com\/cursosbolsa\/wp-content\/uploads\/2025\/09\/dia-liberacion-fiscal-ccaa-150x150.jpg 150w\" sizes=\"(max-width: 905px) 100vw, 905px\" \/><\/p>\n<h2>\u00bfPor qu\u00e9 se producen estas discrepancias entre CC.AA.?<\/h2>\n<p>Lo cierto es que existen razones por las que se dan estas discrepancias, y <strong>todas hacen referencia a la descentralizaci\u00f3n parcial<\/strong> (aunque en algunos casos, casi total) <strong>del Estado central en materia impositiva<\/strong>.<\/p>\n<h3>El cupo vasco<\/h3>\n<p>Vamos con <strong>la mayor excepci\u00f3n de todas<\/strong>, que casualmente coincide con <strong>la Comunidad Aut\u00f3noma cuyos ciudadanos pagan menos impuestos en Espa\u00f1a<\/strong>: El Pa\u00eds\u202fVasco. En este caso <strong>la administraci\u00f3n regional recauda todos los tributos estatales dentro de su territorio<\/strong> y, en vez de ingresarlos a Madrid, <strong>paga un\u202fcupo \/ aportaci\u00f3n<\/strong> fijado por ley para financiar servicios comunes del Estado (Defensa, Casa Real, Exteriores\u2026).<\/p>\n<p>Como es obvio, <strong>ese pago es relativamente bajo en relaci\u00f3n con su <a href=\"https:\/\/www.eurekers.com\/cursosbolsa\/que-es-el-pib-y-como-se-calcula\">PIB<\/a><\/strong>: En el Pa\u00eds\u202fVasco es de tan solo el 1,7%. Y todav\u00eda m\u00e1s, <strong>ese porcentaje legislatura tras legislatura se ha ido aminorando<\/strong>, ya que sus partidos regionalistas en Madrid suelen ser llave de Gobierno, y, como es l\u00f3gico, entre sus exigencias est\u00e1n un mejor trato fiscal con la Administraci\u00f3n Central (para sus intereses). De hecho, en los \u00faltimos 30 a\u00f1os (1995 &#8211; 2025), <strong>el cupo vasco ha pasado de un 3,5% de su PIB a un 1,7%<\/strong> en 2025. En consecuencia, al no \u201ccompartir\u201d recaudaci\u00f3n con el resto del pa\u00eds, pueden sostener tipos impositivos mucho m\u00e1s suaves o deducciones m\u00e1s jugosas, <strong>lo que permite a sus residentes alcanzar la liberaci\u00f3n fiscal unos d\u00edas antes<\/strong>.<\/p>\n<h3>Los tramos auton\u00f3micos del IRPF<\/h3>\n<p>La siguiente raz\u00f3n es porque <strong>uno de los principales impuestos de Espa\u00f1a<\/strong>, el IRPF, <strong>se recauda al 50% entre Estado Central y CC.AA.<\/strong>. Por ende, cada CC.AA. es libre de fijar su parte del tipo impositivo, lo que hace que se cree una <strong>especie de competencia fiscal<\/strong> (que de alguna manera tambi\u00e9n acaba atrayendo la actividad econ\u00f3mica). Todo ello hace que se creen situaciones tan dispares en el r\u00e9gimen de cada CC.AA. como la siguiente:<\/p>\n<ul>\n<li><strong>Comunidad de Madrid<\/strong>: Por un lado, Madrid es la comunidad que mantiene un impuesto sobre la renta m\u00e1s bajo con un tipo m\u00e1ximo del 20,5% y un abanico que va del\u202f8,5% al\u202f20,5%.<\/li>\n<li><strong>Catalu\u00f1a<\/strong>: En cambio, la comunidad al noreste de Espa\u00f1a aplica hasta nueve tramos que van desde el 10,5% al 25,5% (y un tipo m\u00e1ximo agregado de hasta el\u202f50% para rentas altas).<\/li>\n<\/ul>\n<p><img decoding=\"async\" class=\"aligncenter size-full wp-image-106565\" src=\"https:\/\/www.eurekers.com\/cursosbolsa\/wp-content\/uploads\/2025\/09\/Captura-de-pantalla-2025-09-01-211035.png\" alt=\"Tramos del IRPF 2025\" width=\"604\" height=\"292\" srcset=\"https:\/\/www.eurekers.com\/cursosbolsa\/wp-content\/uploads\/2025\/09\/Captura-de-pantalla-2025-09-01-211035.png 604w, https:\/\/www.eurekers.com\/cursosbolsa\/wp-content\/uploads\/2025\/09\/Captura-de-pantalla-2025-09-01-211035-300x145.png 300w\" sizes=\"(max-width: 604px) 100vw, 604px\" \/><\/p>\n<p>Esa brecha de hasta 4\u20115\u202fpuntos en el marginal m\u00e1s alto (y varios puntos en los tramos medios) <strong>explica que los catalanes trabajen unos 10\u201112\u202fd\u00edas m\u00e1s \u201cpara Hacienda\u201d que los madrile\u00f1os<\/strong>. Supongo que<strong> la propaganda independentista no es gratuita<\/strong>.<\/p>\n<h3>Impuestos propios y recargos locales<\/h3>\n<p>Y por \u00faltimo, los tributos propios de las CCAA. Al igual que ocurre con el IRPF, <strong>existen regiones con mucha mayor voracidad sobre el bolsillo de sus ciudadanos que otras<\/strong>. Ve\u00e1moslo nuevamente:<\/p>\n<table>\n<tbody>\n<tr>\n<td>CCAA<\/td>\n<td>N\u00ba de impuestos propias<\/td>\n<td>Ejemplos<\/td>\n<\/tr>\n<tr>\n<td><strong>Catalu\u00f1a<\/strong><\/td>\n<td>Lidera el ranking con 15 tributos propios<\/td>\n<td>Canon sobre residuos<\/p>\n<p>Tasa tur\u00edstica<\/p>\n<p>Emisiones de CO<\/p>\n<p>\u2026<\/td>\n<\/tr>\n<tr>\n<td><strong>Comunitat Valenciana<\/strong><\/td>\n<td>4 Figuras propias<\/td>\n<td>Canon de saneamiento<\/p>\n<p>Impuesto sobre actividades que inciden en el medio ambiente<\/p>\n<p>Impuesto sobre la eliminaci\u00f3n de residuos en vertederos<\/p>\n<p>Impuesto sobre viviendas vac\u00edas<\/td>\n<\/tr>\n<tr>\n<td><strong>Comunidad Madrid<\/strong><\/td>\n<td>Sin impuestos propios<\/td>\n<td><\/td>\n<\/tr>\n<\/tbody>\n<\/table>\n<p>Al final, <strong>cuantos m\u00e1s grav\u00e1menes a\u00f1adidos<\/strong>, <strong>mayor es esfuerzo fiscal agregado y m\u00e1s tarde cae el\u202fD\u00eda de la Liberaci\u00f3n Fiscal<\/strong>. Por eso Madrid y Catalu\u00f1a est\u00e1n donde est\u00e1n. Pero en cualquier caso, tampoco ser\u00eda una cosa de ciudadanos de primera y de segunda, ya que como hemos observado, en el peor de los casos la diferencia es de apenas 12 d\u00edas.<\/p>\n<p>En definitiva, <strong>un a\u00f1o m\u00e1s vuelve a retrasarse el D\u00eda de la Liberaci\u00f3n Fiscal en Espa\u00f1a<\/strong>, y ya hemos superado el umbral de los 7 meses y medio. Quiz\u00e1, en lugar de condenar los llamados para\u00edsos fiscales, lo que <strong>deber\u00edamos preguntarnos es si <a href=\"https:\/\/www.eurekers.com\/cursosbolsa\/reforma-fisca-autonomos-feroz-atraco-a-los-autonomos\">Espa\u00f1a es un infierno Fiscal<\/a><\/strong>.<\/p>\n","protected":false},"excerpt":{"rendered":"<p>El d\u00eda de la Liberaci\u00f3n Fiscal es el d\u00eda que dejamos de trabajar para el Estado para empezar a trabajar para nosotros mismos.<\/p>\n","protected":false},"author":17,"featured_media":106571,"comment_status":"open","ping_status":"open","sticky":false,"template":"","format":"standard","meta":{"_joinchat":[],"footnotes":""},"categories":[210],"tags":[63,150,623,1023],"class_list":["post-106562","post","type-post","status-publish","format-standard","has-post-thumbnail","hentry","category-invertir-en-bolsa","tag-impuestos","tag-economia","tag-estado","tag-liberacion-fiscal"],"yoast_head":"<!-- This site is optimized with the Yoast SEO plugin v25.5 - https:\/\/yoast.com\/wordpress\/plugins\/seo\/ -->\n<title>\u00bfQu\u00e9 y cu\u00e1ndo es el d\u00eda de la Liberaci\u00f3n Fiscal en Espa\u00f1a en 2025? - Eurekers<\/title>\n<meta name=\"description\" content=\"El d\u00eda de la Liberaci\u00f3n Fiscal es el d\u00eda que dejamos de trabajar para el Estado para empezar a trabajar para nosotros mismos.\" \/>\n<meta name=\"robots\" content=\"index, follow, max-snippet:-1, max-image-preview:large, max-video-preview:-1\" \/>\n<link rel=\"canonical\" href=\"https:\/\/www.eurekers.com\/cursosbolsa\/que-y-cuando-es-el-dia-de-la-liberacion-fiscal-en-espana-en-2025\" \/>\n<meta property=\"og:locale\" content=\"es_ES\" \/>\n<meta property=\"og:type\" content=\"article\" \/>\n<meta property=\"og:title\" content=\"\u00bfQu\u00e9 y cu\u00e1ndo es el d\u00eda de la Liberaci\u00f3n Fiscal en Espa\u00f1a en 2025? - Eurekers\" \/>\n<meta property=\"og:description\" content=\"El d\u00eda de la Liberaci\u00f3n Fiscal es el d\u00eda que dejamos de trabajar para el Estado para empezar a trabajar para nosotros mismos.\" \/>\n<meta property=\"og:url\" content=\"https:\/\/www.eurekers.com\/cursosbolsa\/que-y-cuando-es-el-dia-de-la-liberacion-fiscal-en-espana-en-2025\" \/>\n<meta property=\"og:site_name\" content=\"Blog de Bolsa - Eurekers\" \/>\n<meta property=\"article:publisher\" content=\"https:\/\/www.facebook.com\/eurekersbolsa\" \/>\n<meta property=\"article:published_time\" content=\"2025-08-01T18:09:25+00:00\" \/>\n<meta property=\"article:modified_time\" content=\"2026-04-12T14:50:11+00:00\" \/>\n<meta property=\"og:image\" content=\"https:\/\/www.eurekers.com\/cursosbolsa\/wp-content\/uploads\/2025\/08\/2025-09-08_LIBERACION.png\" \/>\n\t<meta property=\"og:image:width\" content=\"726\" \/>\n\t<meta property=\"og:image:height\" content=\"275\" \/>\n\t<meta property=\"og:image:type\" content=\"image\/png\" \/>\n<meta name=\"author\" content=\"Helena Garc\u00eda\" \/>\n<meta name=\"twitter:card\" content=\"summary_large_image\" \/>\n<meta name=\"twitter:creator\" content=\"@eurekersbolsa\" \/>\n<meta name=\"twitter:site\" content=\"@eurekersbolsa\" \/>\n<meta name=\"twitter:label1\" content=\"Escrito por\" \/>\n\t<meta name=\"twitter:data1\" content=\"Helena Garc\u00eda\" \/>\n\t<meta name=\"twitter:label2\" content=\"Tiempo de lectura\" \/>\n\t<meta name=\"twitter:data2\" content=\"9 minutos\" \/>\n<script type=\"application\/ld+json\" class=\"yoast-schema-graph\">{\"@context\":\"https:\/\/schema.org\",\"@graph\":[{\"@type\":\"Article\",\"@id\":\"https:\/\/www.eurekers.com\/cursosbolsa\/que-y-cuando-es-el-dia-de-la-liberacion-fiscal-en-espana-en-2025#article\",\"isPartOf\":{\"@id\":\"https:\/\/www.eurekers.com\/cursosbolsa\/que-y-cuando-es-el-dia-de-la-liberacion-fiscal-en-espana-en-2025\"},\"author\":{\"name\":\"Helena Garc\u00eda\",\"@id\":\"https:\/\/www.eurekers.com\/cursosbolsa\/#\/schema\/person\/3f69752ea76301fe1d0d03b41cf01ce0\"},\"headline\":\"\u00bfQu\u00e9 y cu\u00e1ndo es el d\u00eda de la Liberaci\u00f3n Fiscal en Espa\u00f1a en 2025?\",\"datePublished\":\"2025-08-01T18:09:25+00:00\",\"dateModified\":\"2026-04-12T14:50:11+00:00\",\"mainEntityOfPage\":{\"@id\":\"https:\/\/www.eurekers.com\/cursosbolsa\/que-y-cuando-es-el-dia-de-la-liberacion-fiscal-en-espana-en-2025\"},\"wordCount\":1771,\"commentCount\":0,\"publisher\":{\"@id\":\"https:\/\/www.eurekers.com\/cursosbolsa\/#organization\"},\"image\":{\"@id\":\"https:\/\/www.eurekers.com\/cursosbolsa\/que-y-cuando-es-el-dia-de-la-liberacion-fiscal-en-espana-en-2025#primaryimage\"},\"thumbnailUrl\":\"https:\/\/www.eurekers.com\/cursosbolsa\/wp-content\/uploads\/2025\/08\/2025-09-08_LIBERACION.png\",\"keywords\":[\"impuestos\",\"econom\u00eda\",\"Estado\",\"Liberaci\u00f3n fiscal\"],\"articleSection\":[\"Invertir en bolsa\"],\"inLanguage\":\"es\",\"potentialAction\":[{\"@type\":\"CommentAction\",\"name\":\"Comment\",\"target\":[\"https:\/\/www.eurekers.com\/cursosbolsa\/que-y-cuando-es-el-dia-de-la-liberacion-fiscal-en-espana-en-2025#respond\"]}]},{\"@type\":\"WebPage\",\"@id\":\"https:\/\/www.eurekers.com\/cursosbolsa\/que-y-cuando-es-el-dia-de-la-liberacion-fiscal-en-espana-en-2025\",\"url\":\"https:\/\/www.eurekers.com\/cursosbolsa\/que-y-cuando-es-el-dia-de-la-liberacion-fiscal-en-espana-en-2025\",\"name\":\"\u00bfQu\u00e9 y cu\u00e1ndo es el d\u00eda de la Liberaci\u00f3n Fiscal en Espa\u00f1a en 2025? - Eurekers\",\"isPartOf\":{\"@id\":\"https:\/\/www.eurekers.com\/cursosbolsa\/#website\"},\"primaryImageOfPage\":{\"@id\":\"https:\/\/www.eurekers.com\/cursosbolsa\/que-y-cuando-es-el-dia-de-la-liberacion-fiscal-en-espana-en-2025#primaryimage\"},\"image\":{\"@id\":\"https:\/\/www.eurekers.com\/cursosbolsa\/que-y-cuando-es-el-dia-de-la-liberacion-fiscal-en-espana-en-2025#primaryimage\"},\"thumbnailUrl\":\"https:\/\/www.eurekers.com\/cursosbolsa\/wp-content\/uploads\/2025\/08\/2025-09-08_LIBERACION.png\",\"datePublished\":\"2025-08-01T18:09:25+00:00\",\"dateModified\":\"2026-04-12T14:50:11+00:00\",\"description\":\"El d\u00eda de la Liberaci\u00f3n Fiscal es el d\u00eda que dejamos de trabajar para el Estado para empezar a trabajar para nosotros mismos.\",\"breadcrumb\":{\"@id\":\"https:\/\/www.eurekers.com\/cursosbolsa\/que-y-cuando-es-el-dia-de-la-liberacion-fiscal-en-espana-en-2025#breadcrumb\"},\"inLanguage\":\"es\",\"potentialAction\":[{\"@type\":\"ReadAction\",\"target\":[\"https:\/\/www.eurekers.com\/cursosbolsa\/que-y-cuando-es-el-dia-de-la-liberacion-fiscal-en-espana-en-2025\"]}]},{\"@type\":\"ImageObject\",\"inLanguage\":\"es\",\"@id\":\"https:\/\/www.eurekers.com\/cursosbolsa\/que-y-cuando-es-el-dia-de-la-liberacion-fiscal-en-espana-en-2025#primaryimage\",\"url\":\"https:\/\/www.eurekers.com\/cursosbolsa\/wp-content\/uploads\/2025\/08\/2025-09-08_LIBERACION.png\",\"contentUrl\":\"https:\/\/www.eurekers.com\/cursosbolsa\/wp-content\/uploads\/2025\/08\/2025-09-08_LIBERACION.png\",\"width\":726,\"height\":275,\"caption\":\"El d\u00eda de la Liberaci\u00f3n Fiscal es el d\u00eda que dejamos de trabajar para el Estado para empezar a trabajar para nosotros mismos.\"},{\"@type\":\"BreadcrumbList\",\"@id\":\"https:\/\/www.eurekers.com\/cursosbolsa\/que-y-cuando-es-el-dia-de-la-liberacion-fiscal-en-espana-en-2025#breadcrumb\",\"itemListElement\":[{\"@type\":\"ListItem\",\"position\":1,\"name\":\"Portada\",\"item\":\"https:\/\/www.eurekers.com\/cursosbolsa\/\"},{\"@type\":\"ListItem\",\"position\":2,\"name\":\"\u00bfQu\u00e9 y cu\u00e1ndo es el d\u00eda de la Liberaci\u00f3n Fiscal en Espa\u00f1a en 2025?\"}]},{\"@type\":\"WebSite\",\"@id\":\"https:\/\/www.eurekers.com\/cursosbolsa\/#website\",\"url\":\"https:\/\/www.eurekers.com\/cursosbolsa\/\",\"name\":\"Blog de Bolsa - Eurekers\",\"description\":\"Formaci\u00f3n y Comunidad de Bolsa\",\"publisher\":{\"@id\":\"https:\/\/www.eurekers.com\/cursosbolsa\/#organization\"},\"potentialAction\":[{\"@type\":\"SearchAction\",\"target\":{\"@type\":\"EntryPoint\",\"urlTemplate\":\"https:\/\/www.eurekers.com\/cursosbolsa\/?s={search_term_string}\"},\"query-input\":{\"@type\":\"PropertyValueSpecification\",\"valueRequired\":true,\"valueName\":\"search_term_string\"}}],\"inLanguage\":\"es\"},{\"@type\":\"Organization\",\"@id\":\"https:\/\/www.eurekers.com\/cursosbolsa\/#organization\",\"name\":\"Eurekers.com\",\"url\":\"https:\/\/www.eurekers.com\/cursosbolsa\/\",\"logo\":{\"@type\":\"ImageObject\",\"inLanguage\":\"es\",\"@id\":\"https:\/\/www.eurekers.com\/cursosbolsa\/#\/schema\/logo\/image\/\",\"url\":\"https:\/\/www.eurekers.com\/cursosbolsa\/wp-content\/uploads\/2018\/10\/Anagrama.png\",\"contentUrl\":\"https:\/\/www.eurekers.com\/cursosbolsa\/wp-content\/uploads\/2018\/10\/Anagrama.png\",\"width\":296,\"height\":274,\"caption\":\"Eurekers.com\"},\"image\":{\"@id\":\"https:\/\/www.eurekers.com\/cursosbolsa\/#\/schema\/logo\/image\/\"},\"sameAs\":[\"https:\/\/www.facebook.com\/eurekersbolsa\",\"https:\/\/x.com\/eurekersbolsa\",\"https:\/\/www.instagram.com\/eurekers\/\"]},{\"@type\":\"Person\",\"@id\":\"https:\/\/www.eurekers.com\/cursosbolsa\/#\/schema\/person\/3f69752ea76301fe1d0d03b41cf01ce0\",\"name\":\"Helena Garc\u00eda\",\"image\":{\"@type\":\"ImageObject\",\"inLanguage\":\"es\",\"@id\":\"https:\/\/www.eurekers.com\/cursosbolsa\/#\/schema\/person\/image\/\",\"url\":\"https:\/\/secure.gravatar.com\/avatar\/3f24279b7e4dd2fe2ed5cbee73552f0d?s=96&d=wp_user_avatar&r=g\",\"contentUrl\":\"https:\/\/secure.gravatar.com\/avatar\/3f24279b7e4dd2fe2ed5cbee73552f0d?s=96&d=wp_user_avatar&r=g\",\"caption\":\"Helena Garc\u00eda\"},\"url\":\"https:\/\/www.eurekers.com\/cursosbolsa\/author\/helenagarcia\"}]}<\/script>\n<!-- \/ Yoast SEO plugin. -->","yoast_head_json":{"title":"\u00bfQu\u00e9 y cu\u00e1ndo es el d\u00eda de la Liberaci\u00f3n Fiscal en Espa\u00f1a en 2025? - Eurekers","description":"El d\u00eda de la Liberaci\u00f3n Fiscal es el d\u00eda que dejamos de trabajar para el Estado para empezar a trabajar para nosotros mismos.","robots":{"index":"index","follow":"follow","max-snippet":"max-snippet:-1","max-image-preview":"max-image-preview:large","max-video-preview":"max-video-preview:-1"},"canonical":"https:\/\/www.eurekers.com\/cursosbolsa\/que-y-cuando-es-el-dia-de-la-liberacion-fiscal-en-espana-en-2025","og_locale":"es_ES","og_type":"article","og_title":"\u00bfQu\u00e9 y cu\u00e1ndo es el d\u00eda de la Liberaci\u00f3n Fiscal en Espa\u00f1a en 2025? - Eurekers","og_description":"El d\u00eda de la Liberaci\u00f3n Fiscal es el d\u00eda que dejamos de trabajar para el Estado para empezar a trabajar para nosotros mismos.","og_url":"https:\/\/www.eurekers.com\/cursosbolsa\/que-y-cuando-es-el-dia-de-la-liberacion-fiscal-en-espana-en-2025","og_site_name":"Blog de Bolsa - Eurekers","article_publisher":"https:\/\/www.facebook.com\/eurekersbolsa","article_published_time":"2025-08-01T18:09:25+00:00","article_modified_time":"2026-04-12T14:50:11+00:00","og_image":[{"width":726,"height":275,"url":"https:\/\/www.eurekers.com\/cursosbolsa\/wp-content\/uploads\/2025\/08\/2025-09-08_LIBERACION.png","type":"image\/png"}],"author":"Helena Garc\u00eda","twitter_card":"summary_large_image","twitter_creator":"@eurekersbolsa","twitter_site":"@eurekersbolsa","twitter_misc":{"Escrito por":"Helena Garc\u00eda","Tiempo de lectura":"9 minutos"},"schema":{"@context":"https:\/\/schema.org","@graph":[{"@type":"Article","@id":"https:\/\/www.eurekers.com\/cursosbolsa\/que-y-cuando-es-el-dia-de-la-liberacion-fiscal-en-espana-en-2025#article","isPartOf":{"@id":"https:\/\/www.eurekers.com\/cursosbolsa\/que-y-cuando-es-el-dia-de-la-liberacion-fiscal-en-espana-en-2025"},"author":{"name":"Helena Garc\u00eda","@id":"https:\/\/www.eurekers.com\/cursosbolsa\/#\/schema\/person\/3f69752ea76301fe1d0d03b41cf01ce0"},"headline":"\u00bfQu\u00e9 y cu\u00e1ndo es el d\u00eda de la Liberaci\u00f3n Fiscal en Espa\u00f1a en 2025?","datePublished":"2025-08-01T18:09:25+00:00","dateModified":"2026-04-12T14:50:11+00:00","mainEntityOfPage":{"@id":"https:\/\/www.eurekers.com\/cursosbolsa\/que-y-cuando-es-el-dia-de-la-liberacion-fiscal-en-espana-en-2025"},"wordCount":1771,"commentCount":0,"publisher":{"@id":"https:\/\/www.eurekers.com\/cursosbolsa\/#organization"},"image":{"@id":"https:\/\/www.eurekers.com\/cursosbolsa\/que-y-cuando-es-el-dia-de-la-liberacion-fiscal-en-espana-en-2025#primaryimage"},"thumbnailUrl":"https:\/\/www.eurekers.com\/cursosbolsa\/wp-content\/uploads\/2025\/08\/2025-09-08_LIBERACION.png","keywords":["impuestos","econom\u00eda","Estado","Liberaci\u00f3n fiscal"],"articleSection":["Invertir en bolsa"],"inLanguage":"es","potentialAction":[{"@type":"CommentAction","name":"Comment","target":["https:\/\/www.eurekers.com\/cursosbolsa\/que-y-cuando-es-el-dia-de-la-liberacion-fiscal-en-espana-en-2025#respond"]}]},{"@type":"WebPage","@id":"https:\/\/www.eurekers.com\/cursosbolsa\/que-y-cuando-es-el-dia-de-la-liberacion-fiscal-en-espana-en-2025","url":"https:\/\/www.eurekers.com\/cursosbolsa\/que-y-cuando-es-el-dia-de-la-liberacion-fiscal-en-espana-en-2025","name":"\u00bfQu\u00e9 y cu\u00e1ndo es el d\u00eda de la Liberaci\u00f3n Fiscal en Espa\u00f1a en 2025? - Eurekers","isPartOf":{"@id":"https:\/\/www.eurekers.com\/cursosbolsa\/#website"},"primaryImageOfPage":{"@id":"https:\/\/www.eurekers.com\/cursosbolsa\/que-y-cuando-es-el-dia-de-la-liberacion-fiscal-en-espana-en-2025#primaryimage"},"image":{"@id":"https:\/\/www.eurekers.com\/cursosbolsa\/que-y-cuando-es-el-dia-de-la-liberacion-fiscal-en-espana-en-2025#primaryimage"},"thumbnailUrl":"https:\/\/www.eurekers.com\/cursosbolsa\/wp-content\/uploads\/2025\/08\/2025-09-08_LIBERACION.png","datePublished":"2025-08-01T18:09:25+00:00","dateModified":"2026-04-12T14:50:11+00:00","description":"El d\u00eda de la Liberaci\u00f3n Fiscal es el d\u00eda que dejamos de trabajar para el Estado para empezar a trabajar para nosotros mismos.","breadcrumb":{"@id":"https:\/\/www.eurekers.com\/cursosbolsa\/que-y-cuando-es-el-dia-de-la-liberacion-fiscal-en-espana-en-2025#breadcrumb"},"inLanguage":"es","potentialAction":[{"@type":"ReadAction","target":["https:\/\/www.eurekers.com\/cursosbolsa\/que-y-cuando-es-el-dia-de-la-liberacion-fiscal-en-espana-en-2025"]}]},{"@type":"ImageObject","inLanguage":"es","@id":"https:\/\/www.eurekers.com\/cursosbolsa\/que-y-cuando-es-el-dia-de-la-liberacion-fiscal-en-espana-en-2025#primaryimage","url":"https:\/\/www.eurekers.com\/cursosbolsa\/wp-content\/uploads\/2025\/08\/2025-09-08_LIBERACION.png","contentUrl":"https:\/\/www.eurekers.com\/cursosbolsa\/wp-content\/uploads\/2025\/08\/2025-09-08_LIBERACION.png","width":726,"height":275,"caption":"El d\u00eda de la Liberaci\u00f3n Fiscal es el d\u00eda que dejamos de trabajar para el Estado para empezar a trabajar para nosotros mismos."},{"@type":"BreadcrumbList","@id":"https:\/\/www.eurekers.com\/cursosbolsa\/que-y-cuando-es-el-dia-de-la-liberacion-fiscal-en-espana-en-2025#breadcrumb","itemListElement":[{"@type":"ListItem","position":1,"name":"Portada","item":"https:\/\/www.eurekers.com\/cursosbolsa\/"},{"@type":"ListItem","position":2,"name":"\u00bfQu\u00e9 y cu\u00e1ndo es el d\u00eda de la Liberaci\u00f3n Fiscal en Espa\u00f1a en 2025?"}]},{"@type":"WebSite","@id":"https:\/\/www.eurekers.com\/cursosbolsa\/#website","url":"https:\/\/www.eurekers.com\/cursosbolsa\/","name":"Blog de Bolsa - Eurekers","description":"Formaci\u00f3n y Comunidad de Bolsa","publisher":{"@id":"https:\/\/www.eurekers.com\/cursosbolsa\/#organization"},"potentialAction":[{"@type":"SearchAction","target":{"@type":"EntryPoint","urlTemplate":"https:\/\/www.eurekers.com\/cursosbolsa\/?s={search_term_string}"},"query-input":{"@type":"PropertyValueSpecification","valueRequired":true,"valueName":"search_term_string"}}],"inLanguage":"es"},{"@type":"Organization","@id":"https:\/\/www.eurekers.com\/cursosbolsa\/#organization","name":"Eurekers.com","url":"https:\/\/www.eurekers.com\/cursosbolsa\/","logo":{"@type":"ImageObject","inLanguage":"es","@id":"https:\/\/www.eurekers.com\/cursosbolsa\/#\/schema\/logo\/image\/","url":"https:\/\/www.eurekers.com\/cursosbolsa\/wp-content\/uploads\/2018\/10\/Anagrama.png","contentUrl":"https:\/\/www.eurekers.com\/cursosbolsa\/wp-content\/uploads\/2018\/10\/Anagrama.png","width":296,"height":274,"caption":"Eurekers.com"},"image":{"@id":"https:\/\/www.eurekers.com\/cursosbolsa\/#\/schema\/logo\/image\/"},"sameAs":["https:\/\/www.facebook.com\/eurekersbolsa","https:\/\/x.com\/eurekersbolsa","https:\/\/www.instagram.com\/eurekers\/"]},{"@type":"Person","@id":"https:\/\/www.eurekers.com\/cursosbolsa\/#\/schema\/person\/3f69752ea76301fe1d0d03b41cf01ce0","name":"Helena Garc\u00eda","image":{"@type":"ImageObject","inLanguage":"es","@id":"https:\/\/www.eurekers.com\/cursosbolsa\/#\/schema\/person\/image\/","url":"https:\/\/secure.gravatar.com\/avatar\/3f24279b7e4dd2fe2ed5cbee73552f0d?s=96&d=wp_user_avatar&r=g","contentUrl":"https:\/\/secure.gravatar.com\/avatar\/3f24279b7e4dd2fe2ed5cbee73552f0d?s=96&d=wp_user_avatar&r=g","caption":"Helena Garc\u00eda"},"url":"https:\/\/www.eurekers.com\/cursosbolsa\/author\/helenagarcia"}]}},"_links":{"self":[{"href":"https:\/\/www.eurekers.com\/cursosbolsa\/wp-json\/wp\/v2\/posts\/106562"}],"collection":[{"href":"https:\/\/www.eurekers.com\/cursosbolsa\/wp-json\/wp\/v2\/posts"}],"about":[{"href":"https:\/\/www.eurekers.com\/cursosbolsa\/wp-json\/wp\/v2\/types\/post"}],"author":[{"embeddable":true,"href":"https:\/\/www.eurekers.com\/cursosbolsa\/wp-json\/wp\/v2\/users\/17"}],"replies":[{"embeddable":true,"href":"https:\/\/www.eurekers.com\/cursosbolsa\/wp-json\/wp\/v2\/comments?post=106562"}],"version-history":[{"count":3,"href":"https:\/\/www.eurekers.com\/cursosbolsa\/wp-json\/wp\/v2\/posts\/106562\/revisions"}],"predecessor-version":[{"id":106690,"href":"https:\/\/www.eurekers.com\/cursosbolsa\/wp-json\/wp\/v2\/posts\/106562\/revisions\/106690"}],"wp:featuredmedia":[{"embeddable":true,"href":"https:\/\/www.eurekers.com\/cursosbolsa\/wp-json\/wp\/v2\/media\/106571"}],"wp:attachment":[{"href":"https:\/\/www.eurekers.com\/cursosbolsa\/wp-json\/wp\/v2\/media?parent=106562"}],"wp:term":[{"taxonomy":"category","embeddable":true,"href":"https:\/\/www.eurekers.com\/cursosbolsa\/wp-json\/wp\/v2\/categories?post=106562"},{"taxonomy":"post_tag","embeddable":true,"href":"https:\/\/www.eurekers.com\/cursosbolsa\/wp-json\/wp\/v2\/tags?post=106562"}],"curies":[{"name":"wp","href":"https:\/\/api.w.org\/{rel}","templated":true}]}}