{"id":106431,"date":"2025-07-07T13:47:32","date_gmt":"2025-07-07T13:47:32","guid":{"rendered":"https:\/\/www.eurekers.com\/cursosbolsa\/?p=106431"},"modified":"2026-04-12T14:50:13","modified_gmt":"2026-04-12T14:50:13","slug":"es-el-fin-de-tesla","status":"publish","type":"post","link":"https:\/\/www.eurekers.com\/cursosbolsa\/es-el-fin-de-tesla","title":{"rendered":"\u00bfEs el fin de Tesla?"},"content":{"rendered":"<p>Todas las empresas acaban pasando por el mismo <strong>ciclo de vida<\/strong>; nacen, explotan, maduran y finalmente mueren o se transforman. Lo verdaderamente significativo, es <strong>cu\u00e1nto puede llegar a durar la tercera etapa<\/strong>, cu\u00e1nto tardan en<strong> \u201cmadurar\u201d<\/strong>, si 100 a\u00f1os como es el caso de Coca &#8211; Cola (<strong><a href=\"https:\/\/eurekers.com\/app\/stock\/ko\">KO<\/a><\/strong>) o Johnson &amp; Johnson (<strong><a href=\"https:\/\/eurekers.com\/app\/stock\/jnj\">JNJ<\/a><\/strong>), o menos de 10, como parece ser el caso de la empresa liderada por <strong><a href=\"https:\/\/es.wikipedia.org\/wiki\/Elon_Musk\">Elon Musk<\/a><\/strong>. Y es que, en apenas cinco semanas, Tesla (<strong><a href=\"https:\/\/eurekers.com\/app\/stock\/tsla\">TSLA<\/a><\/strong>) ha pasado de ser la ni\u00f1a bonita del <strong><a href=\"https:\/\/www.eurekers.com\/cursosbolsa\/que-es-el-nasdaq\">Nasdaq<\/a><\/strong> a convertirse en el valor m\u00e1s castigado del \u201c<strong><a href=\"https:\/\/www.eurekers.com\/cursosbolsa\/tesla-se-cae-de-los-7-magnificos\">Magnificent Seven<\/a><\/strong>\u201d.<\/p>\n<p>Hace apenas una semana, en plena <strong><a href=\"https:\/\/www.eurekers.com\/cursosbolsa\/trump-vs-musk-la-lucha-fratricida\" target=\"_blank\" rel=\"noopener\" data-saferedirecturl=\"https:\/\/www.google.com\/url?q=https:\/\/www.eurekers.com\/cursosbolsa\/trump-vs-musk-la-lucha-fratricida&amp;source=gmail&amp;ust=1752071894913000&amp;usg=AOvVaw1fY3oFxavW1iUh8R4Ic3eo\">gresca p\u00fablica entre Elon Musk y Donald Trump<\/a><\/strong>, <strong>el t\u00edtulo se desplom\u00f3 un 14%<\/strong>. Y, lejos de encontrar suelo, <strong>la <a href=\"https:\/\/www.eurekers.com\/cursosbolsa\/que-es-una-accion\">acci\u00f3n<\/a> volvi\u00f3 a ceder otro 7% este lunes<\/strong>, despu\u00e9s de que Musk anunciara su <strong>intenci\u00f3n de fundar un nuevo partido pol\u00edtico<\/strong>, con lo que la ca\u00edda acumulada en 2025 ronda ya el 21%.<\/p>\n<p><img fetchpriority=\"high\" decoding=\"async\" class=\"aligncenter size-full wp-image-106433\" src=\"https:\/\/www.eurekers.com\/cursosbolsa\/wp-content\/uploads\/2025\/07\/unnamed-19.jpg\" alt=\"Tesla de desploma\" width=\"1508\" height=\"894\" srcset=\"https:\/\/www.eurekers.com\/cursosbolsa\/wp-content\/uploads\/2025\/07\/unnamed-19.jpg 1508w, https:\/\/www.eurekers.com\/cursosbolsa\/wp-content\/uploads\/2025\/07\/unnamed-19-300x178.jpg 300w, https:\/\/www.eurekers.com\/cursosbolsa\/wp-content\/uploads\/2025\/07\/unnamed-19-1024x607.jpg 1024w\" sizes=\"(max-width: 1508px) 100vw, 1508px\" \/><\/p>\n<p><strong>Ante semejante derrumbe burs\u00e1til lleg\u00f3 la primera cabeza rodante de la alta direcci\u00f3n<\/strong>: <strong><a href=\"https:\/\/x.com\/omead?lang=ca\">Omead Afshar<\/a><\/strong>, <strong>uno de los lugartenientes m\u00e1s cercanos a Musk<\/strong> desde la construcci\u00f3n de la gigafactor\u00eda de Texas.<\/p>\n<h2>\u00bfCastigo a Tesla o fin de ciclo?<\/h2>\n<p>Pero, distracciones pol\u00edticas a parte&#8230; \u00bfEstas ca\u00eddas podr\u00edan vaticinar el <strong>fin del ciclo dorado de Tesla<\/strong>? Lo cierto es que <strong>existen motivos para pensar en esa direcci\u00f3n<\/strong>.<\/p>\n<p>En primer lugar, <strong>tenemos las\u00a0ca\u00eddas de las ventas en Europa\u00a0por s\u00e9ptimo trimestre consecutivo<\/strong>. Han registrado aut\u00e9nticos desplomes -un 64 % menos en Suecia, 62% en Dinamarca, ca\u00eddas del 66 % en Italia-, hasta reducir su cuota continental al 7,2%. Adem\u00e1s, sobre el conjunto del negocio, la foto tampoco mejora: <strong>las entregas mundiales del segundo trimestre fueron un 13% menos que hace un a\u00f1o<\/strong>. Y todo ello <strong>a pesar de que el sector de los veh\u00edculos el\u00e9ctricos creci\u00f3 un 15% a nivel global<\/strong> para dicho periodo.<\/p>\n<p><img decoding=\"async\" class=\"aligncenter size-full wp-image-106434\" src=\"https:\/\/www.eurekers.com\/cursosbolsa\/wp-content\/uploads\/2025\/07\/unnamed-20.jpg\" alt=\"Tesla podr\u00eda estar sufriendo un fin de ciclo\" width=\"657\" height=\"428\" srcset=\"https:\/\/www.eurekers.com\/cursosbolsa\/wp-content\/uploads\/2025\/07\/unnamed-20.jpg 657w, https:\/\/www.eurekers.com\/cursosbolsa\/wp-content\/uploads\/2025\/07\/unnamed-20-300x195.jpg 300w\" sizes=\"(max-width: 657px) 100vw, 657px\" \/><\/p>\n<p dir=\"ltr\">Para evitar dicha sangr\u00eda, <strong>el equipo de Musk tuvo que recortar <a href=\"https:\/\/www.eurekers.com\/cursosbolsa\/que-es-el-precio-y-que-normas-sigue\">precios<\/a> sobre sus modelos estrella<\/strong>, en ocasiones hasta un 20% -como ha sido el caso del Modelo Y-. Y ni con esas la cosa funciona: <strong>menores ventas a menores precios<\/strong>, lo que supone un claro agujero primero en su partida de ingresos y posteriormente en la de <strong><a href=\"https:\/\/www.eurekers.com\/cursosbolsa\/que-es-el-margen-de-beneficio\">beneficios<\/a><\/strong>.<\/p>\n<h3 dir=\"ltr\">A Tesla se le acumulan los problemas<\/h3>\n<p dir=\"ltr\">Y es que <strong>el problema es que su gran competidor chino<\/strong>, BYD, es capaz de soportar descuentos de hasta un 34 % en 22 modelos -partiendo de precios ya de por s\u00ed m\u00e1s bajos-. En este sentido, BYD <strong>ha podido igualar sus matriculaciones europeas a la altura de los Tesla<\/strong>, y posiblemente el <em>sorpasso<\/em> est\u00e1 a la vuelta de la esquina. Y <strong>a la presi\u00f3n comercial se suma la pol\u00edtica<\/strong>. El <strong><a href=\"https:\/\/www.eurekers.com\/cursosbolsa\/trump-vs-musk-la-lucha-fratricida\">rifirrafe con Donald Trump<\/a><\/strong> arranc\u00f3 a principios de junio y, lejos de apagarse, se alimenta a diario: tras el anuncio del \u201cAmerica Party\u201d, que pretende fundar el magnate sudafricano, el ahora presidente Trump vuelve a afirmar que Musk est\u00e1 \u201cfuera de control\u201d, y<strong> amenaz\u00f3 nuevamente con retirar los subsidios a Tesla y SpaceX<\/strong>.<\/p>\n<p dir=\"ltr\">Con todo, entre tanta crisis comercial a la par que pol\u00edtica, <strong>la paciencia de varios <a href=\"https:\/\/www.eurekers.com\/cursosbolsa\/accionista\">accionistas<\/a> institucionales parece que ha llegado a su fin<\/strong>. Y no en vano, hacia finales de junio, firmas como Azoria Partners y gestores hist\u00f3ricos como Ross Gerber enviaron cartas p\u00fablicas al consejo de Tesla exigiendo que Musk \u201cvuelva a poner Tesla en el centro de su agenda\u201d o, de lo contrario, estudien relevarle. Al final, simplemente <strong>vienen a recordar que un solo tuit de Trump ya borr\u00f3 150.000 millones USD de la capitalizaci\u00f3n de Tesla<\/strong>, <strong>y temen nuevas represalias reguladoras<\/strong> justo cuando el programa de robotaxis necesita luz verde federal.<\/p>\n<p dir=\"ltr\">En definitiva, <strong>aunque\u00a0Tesla\u00a0siempre fue una empresa hinchada<\/strong>, por lo menos era de esas compa\u00f1\u00edas que siempre iba a m\u00e1s. No obstante, entre tanta presi\u00f3n tanto comercial, como pol\u00edtica, cabr\u00eda pensar si el fin de ciclo de la compa\u00f1\u00eda est\u00e1 pr\u00f3ximo, al menos como un actor hegem\u00f3nico en el panorama burs\u00e1til.<\/p>\n","protected":false},"excerpt":{"rendered":"<p>\u00bfCastigo a Tesla o fin de ciclo? Los derrumbes sufridos en bolsa y la actitud contraproducente de Elon Musk podr\u00edan acabar con la empresa.<\/p>\n","protected":false},"author":17,"featured_media":106437,"comment_status":"open","ping_status":"open","sticky":false,"template":"","format":"standard","meta":{"_joinchat":[],"footnotes":""},"categories":[107],"tags":[6,47,137,918,1010],"class_list":["post-106431","post","type-post","status-publish","format-standard","has-post-thumbnail","hentry","category-noticias","tag-bolsa","tag-inversion","tag-tesla","tag-trump","tag-musk"],"yoast_head":"<!-- This site is optimized with the Yoast SEO plugin v25.5 - https:\/\/yoast.com\/wordpress\/plugins\/seo\/ -->\n<title>\u00bfEs el fin de Tesla? - Eurekers<\/title>\n<meta name=\"description\" content=\"\u00bfCastigo a Tesla o fin de ciclo? Los derrumbes sufridos en bolsa y la actitud contraproducente de Elon Musk podr\u00edan acabar con la empresa.\" \/>\n<meta name=\"robots\" content=\"index, follow, max-snippet:-1, max-image-preview:large, max-video-preview:-1\" \/>\n<link rel=\"canonical\" href=\"https:\/\/www.eurekers.com\/cursosbolsa\/es-el-fin-de-tesla\" \/>\n<meta property=\"og:locale\" content=\"es_ES\" \/>\n<meta property=\"og:type\" content=\"article\" \/>\n<meta property=\"og:title\" content=\"\u00bfEs el fin de Tesla? - Eurekers\" \/>\n<meta property=\"og:description\" content=\"\u00bfCastigo a Tesla o fin de ciclo? Los derrumbes sufridos en bolsa y la actitud contraproducente de Elon Musk podr\u00edan acabar con la empresa.\" \/>\n<meta property=\"og:url\" content=\"https:\/\/www.eurekers.com\/cursosbolsa\/es-el-fin-de-tesla\" \/>\n<meta property=\"og:site_name\" content=\"Blog de Bolsa - Eurekers\" \/>\n<meta property=\"article:publisher\" content=\"https:\/\/www.facebook.com\/eurekersbolsa\" \/>\n<meta property=\"article:published_time\" content=\"2025-07-07T13:47:32+00:00\" \/>\n<meta property=\"article:modified_time\" content=\"2026-04-12T14:50:13+00:00\" \/>\n<meta property=\"og:image\" content=\"https:\/\/www.eurekers.com\/cursosbolsa\/wp-content\/uploads\/2025\/07\/2025-07-08_TESLA-1.png\" \/>\n\t<meta property=\"og:image:width\" content=\"726\" \/>\n\t<meta property=\"og:image:height\" content=\"275\" \/>\n\t<meta property=\"og:image:type\" content=\"image\/png\" \/>\n<meta name=\"author\" content=\"Helena Garc\u00eda\" \/>\n<meta name=\"twitter:card\" content=\"summary_large_image\" \/>\n<meta name=\"twitter:creator\" content=\"@eurekersbolsa\" \/>\n<meta name=\"twitter:site\" content=\"@eurekersbolsa\" \/>\n<meta name=\"twitter:label1\" content=\"Escrito por\" \/>\n\t<meta name=\"twitter:data1\" content=\"Helena Garc\u00eda\" \/>\n\t<meta name=\"twitter:label2\" content=\"Tiempo de lectura\" \/>\n\t<meta name=\"twitter:data2\" content=\"3 minutos\" \/>\n<script type=\"application\/ld+json\" class=\"yoast-schema-graph\">{\"@context\":\"https:\/\/schema.org\",\"@graph\":[{\"@type\":\"Article\",\"@id\":\"https:\/\/www.eurekers.com\/cursosbolsa\/es-el-fin-de-tesla#article\",\"isPartOf\":{\"@id\":\"https:\/\/www.eurekers.com\/cursosbolsa\/es-el-fin-de-tesla\"},\"author\":{\"name\":\"Helena Garc\u00eda\",\"@id\":\"https:\/\/www.eurekers.com\/cursosbolsa\/#\/schema\/person\/3f69752ea76301fe1d0d03b41cf01ce0\"},\"headline\":\"\u00bfEs el fin de Tesla?\",\"datePublished\":\"2025-07-07T13:47:32+00:00\",\"dateModified\":\"2026-04-12T14:50:13+00:00\",\"mainEntityOfPage\":{\"@id\":\"https:\/\/www.eurekers.com\/cursosbolsa\/es-el-fin-de-tesla\"},\"wordCount\":687,\"commentCount\":0,\"publisher\":{\"@id\":\"https:\/\/www.eurekers.com\/cursosbolsa\/#organization\"},\"image\":{\"@id\":\"https:\/\/www.eurekers.com\/cursosbolsa\/es-el-fin-de-tesla#primaryimage\"},\"thumbnailUrl\":\"https:\/\/www.eurekers.com\/cursosbolsa\/wp-content\/uploads\/2025\/07\/2025-07-08_TESLA-1.png\",\"keywords\":[\"bolsa\",\"inversion\",\"Tesla\",\"Trump\",\"Musk\"],\"articleSection\":[\"Noticias\"],\"inLanguage\":\"es\",\"potentialAction\":[{\"@type\":\"CommentAction\",\"name\":\"Comment\",\"target\":[\"https:\/\/www.eurekers.com\/cursosbolsa\/es-el-fin-de-tesla#respond\"]}]},{\"@type\":\"WebPage\",\"@id\":\"https:\/\/www.eurekers.com\/cursosbolsa\/es-el-fin-de-tesla\",\"url\":\"https:\/\/www.eurekers.com\/cursosbolsa\/es-el-fin-de-tesla\",\"name\":\"\u00bfEs el fin de Tesla? - Eurekers\",\"isPartOf\":{\"@id\":\"https:\/\/www.eurekers.com\/cursosbolsa\/#website\"},\"primaryImageOfPage\":{\"@id\":\"https:\/\/www.eurekers.com\/cursosbolsa\/es-el-fin-de-tesla#primaryimage\"},\"image\":{\"@id\":\"https:\/\/www.eurekers.com\/cursosbolsa\/es-el-fin-de-tesla#primaryimage\"},\"thumbnailUrl\":\"https:\/\/www.eurekers.com\/cursosbolsa\/wp-content\/uploads\/2025\/07\/2025-07-08_TESLA-1.png\",\"datePublished\":\"2025-07-07T13:47:32+00:00\",\"dateModified\":\"2026-04-12T14:50:13+00:00\",\"description\":\"\u00bfCastigo a Tesla o fin de ciclo? Los derrumbes sufridos en bolsa y la actitud contraproducente de Elon Musk podr\u00edan acabar con la empresa.\",\"breadcrumb\":{\"@id\":\"https:\/\/www.eurekers.com\/cursosbolsa\/es-el-fin-de-tesla#breadcrumb\"},\"inLanguage\":\"es\",\"potentialAction\":[{\"@type\":\"ReadAction\",\"target\":[\"https:\/\/www.eurekers.com\/cursosbolsa\/es-el-fin-de-tesla\"]}]},{\"@type\":\"ImageObject\",\"inLanguage\":\"es\",\"@id\":\"https:\/\/www.eurekers.com\/cursosbolsa\/es-el-fin-de-tesla#primaryimage\",\"url\":\"https:\/\/www.eurekers.com\/cursosbolsa\/wp-content\/uploads\/2025\/07\/2025-07-08_TESLA-1.png\",\"contentUrl\":\"https:\/\/www.eurekers.com\/cursosbolsa\/wp-content\/uploads\/2025\/07\/2025-07-08_TESLA-1.png\",\"width\":726,\"height\":275,\"caption\":\"\u00bfCastigo a Tesla o fin de ciclo? Los derrumbes sufridos en bolsa y la actitud contraproducente de Elon Musk podr\u00edan acabar con la empresa.\"},{\"@type\":\"BreadcrumbList\",\"@id\":\"https:\/\/www.eurekers.com\/cursosbolsa\/es-el-fin-de-tesla#breadcrumb\",\"itemListElement\":[{\"@type\":\"ListItem\",\"position\":1,\"name\":\"Portada\",\"item\":\"https:\/\/www.eurekers.com\/cursosbolsa\/\"},{\"@type\":\"ListItem\",\"position\":2,\"name\":\"\u00bfEs el fin de Tesla?\"}]},{\"@type\":\"WebSite\",\"@id\":\"https:\/\/www.eurekers.com\/cursosbolsa\/#website\",\"url\":\"https:\/\/www.eurekers.com\/cursosbolsa\/\",\"name\":\"Blog de Bolsa - Eurekers\",\"description\":\"Formaci\u00f3n y Comunidad de Bolsa\",\"publisher\":{\"@id\":\"https:\/\/www.eurekers.com\/cursosbolsa\/#organization\"},\"potentialAction\":[{\"@type\":\"SearchAction\",\"target\":{\"@type\":\"EntryPoint\",\"urlTemplate\":\"https:\/\/www.eurekers.com\/cursosbolsa\/?s={search_term_string}\"},\"query-input\":{\"@type\":\"PropertyValueSpecification\",\"valueRequired\":true,\"valueName\":\"search_term_string\"}}],\"inLanguage\":\"es\"},{\"@type\":\"Organization\",\"@id\":\"https:\/\/www.eurekers.com\/cursosbolsa\/#organization\",\"name\":\"Eurekers.com\",\"url\":\"https:\/\/www.eurekers.com\/cursosbolsa\/\",\"logo\":{\"@type\":\"ImageObject\",\"inLanguage\":\"es\",\"@id\":\"https:\/\/www.eurekers.com\/cursosbolsa\/#\/schema\/logo\/image\/\",\"url\":\"https:\/\/www.eurekers.com\/cursosbolsa\/wp-content\/uploads\/2018\/10\/Anagrama.png\",\"contentUrl\":\"https:\/\/www.eurekers.com\/cursosbolsa\/wp-content\/uploads\/2018\/10\/Anagrama.png\",\"width\":296,\"height\":274,\"caption\":\"Eurekers.com\"},\"image\":{\"@id\":\"https:\/\/www.eurekers.com\/cursosbolsa\/#\/schema\/logo\/image\/\"},\"sameAs\":[\"https:\/\/www.facebook.com\/eurekersbolsa\",\"https:\/\/x.com\/eurekersbolsa\",\"https:\/\/www.instagram.com\/eurekers\/\"]},{\"@type\":\"Person\",\"@id\":\"https:\/\/www.eurekers.com\/cursosbolsa\/#\/schema\/person\/3f69752ea76301fe1d0d03b41cf01ce0\",\"name\":\"Helena Garc\u00eda\",\"image\":{\"@type\":\"ImageObject\",\"inLanguage\":\"es\",\"@id\":\"https:\/\/www.eurekers.com\/cursosbolsa\/#\/schema\/person\/image\/\",\"url\":\"https:\/\/secure.gravatar.com\/avatar\/3f24279b7e4dd2fe2ed5cbee73552f0d?s=96&d=wp_user_avatar&r=g\",\"contentUrl\":\"https:\/\/secure.gravatar.com\/avatar\/3f24279b7e4dd2fe2ed5cbee73552f0d?s=96&d=wp_user_avatar&r=g\",\"caption\":\"Helena Garc\u00eda\"},\"url\":\"https:\/\/www.eurekers.com\/cursosbolsa\/author\/helenagarcia\"}]}<\/script>\n<!-- \/ Yoast SEO plugin. -->","yoast_head_json":{"title":"\u00bfEs el fin de Tesla? - Eurekers","description":"\u00bfCastigo a Tesla o fin de ciclo? Los derrumbes sufridos en bolsa y la actitud contraproducente de Elon Musk podr\u00edan acabar con la empresa.","robots":{"index":"index","follow":"follow","max-snippet":"max-snippet:-1","max-image-preview":"max-image-preview:large","max-video-preview":"max-video-preview:-1"},"canonical":"https:\/\/www.eurekers.com\/cursosbolsa\/es-el-fin-de-tesla","og_locale":"es_ES","og_type":"article","og_title":"\u00bfEs el fin de Tesla? - Eurekers","og_description":"\u00bfCastigo a Tesla o fin de ciclo? Los derrumbes sufridos en bolsa y la actitud contraproducente de Elon Musk podr\u00edan acabar con la empresa.","og_url":"https:\/\/www.eurekers.com\/cursosbolsa\/es-el-fin-de-tesla","og_site_name":"Blog de Bolsa - Eurekers","article_publisher":"https:\/\/www.facebook.com\/eurekersbolsa","article_published_time":"2025-07-07T13:47:32+00:00","article_modified_time":"2026-04-12T14:50:13+00:00","og_image":[{"width":726,"height":275,"url":"https:\/\/www.eurekers.com\/cursosbolsa\/wp-content\/uploads\/2025\/07\/2025-07-08_TESLA-1.png","type":"image\/png"}],"author":"Helena Garc\u00eda","twitter_card":"summary_large_image","twitter_creator":"@eurekersbolsa","twitter_site":"@eurekersbolsa","twitter_misc":{"Escrito por":"Helena Garc\u00eda","Tiempo de lectura":"3 minutos"},"schema":{"@context":"https:\/\/schema.org","@graph":[{"@type":"Article","@id":"https:\/\/www.eurekers.com\/cursosbolsa\/es-el-fin-de-tesla#article","isPartOf":{"@id":"https:\/\/www.eurekers.com\/cursosbolsa\/es-el-fin-de-tesla"},"author":{"name":"Helena Garc\u00eda","@id":"https:\/\/www.eurekers.com\/cursosbolsa\/#\/schema\/person\/3f69752ea76301fe1d0d03b41cf01ce0"},"headline":"\u00bfEs el fin de Tesla?","datePublished":"2025-07-07T13:47:32+00:00","dateModified":"2026-04-12T14:50:13+00:00","mainEntityOfPage":{"@id":"https:\/\/www.eurekers.com\/cursosbolsa\/es-el-fin-de-tesla"},"wordCount":687,"commentCount":0,"publisher":{"@id":"https:\/\/www.eurekers.com\/cursosbolsa\/#organization"},"image":{"@id":"https:\/\/www.eurekers.com\/cursosbolsa\/es-el-fin-de-tesla#primaryimage"},"thumbnailUrl":"https:\/\/www.eurekers.com\/cursosbolsa\/wp-content\/uploads\/2025\/07\/2025-07-08_TESLA-1.png","keywords":["bolsa","inversion","Tesla","Trump","Musk"],"articleSection":["Noticias"],"inLanguage":"es","potentialAction":[{"@type":"CommentAction","name":"Comment","target":["https:\/\/www.eurekers.com\/cursosbolsa\/es-el-fin-de-tesla#respond"]}]},{"@type":"WebPage","@id":"https:\/\/www.eurekers.com\/cursosbolsa\/es-el-fin-de-tesla","url":"https:\/\/www.eurekers.com\/cursosbolsa\/es-el-fin-de-tesla","name":"\u00bfEs el fin de Tesla? - Eurekers","isPartOf":{"@id":"https:\/\/www.eurekers.com\/cursosbolsa\/#website"},"primaryImageOfPage":{"@id":"https:\/\/www.eurekers.com\/cursosbolsa\/es-el-fin-de-tesla#primaryimage"},"image":{"@id":"https:\/\/www.eurekers.com\/cursosbolsa\/es-el-fin-de-tesla#primaryimage"},"thumbnailUrl":"https:\/\/www.eurekers.com\/cursosbolsa\/wp-content\/uploads\/2025\/07\/2025-07-08_TESLA-1.png","datePublished":"2025-07-07T13:47:32+00:00","dateModified":"2026-04-12T14:50:13+00:00","description":"\u00bfCastigo a Tesla o fin de ciclo? Los derrumbes sufridos en bolsa y la actitud contraproducente de Elon Musk podr\u00edan acabar con la empresa.","breadcrumb":{"@id":"https:\/\/www.eurekers.com\/cursosbolsa\/es-el-fin-de-tesla#breadcrumb"},"inLanguage":"es","potentialAction":[{"@type":"ReadAction","target":["https:\/\/www.eurekers.com\/cursosbolsa\/es-el-fin-de-tesla"]}]},{"@type":"ImageObject","inLanguage":"es","@id":"https:\/\/www.eurekers.com\/cursosbolsa\/es-el-fin-de-tesla#primaryimage","url":"https:\/\/www.eurekers.com\/cursosbolsa\/wp-content\/uploads\/2025\/07\/2025-07-08_TESLA-1.png","contentUrl":"https:\/\/www.eurekers.com\/cursosbolsa\/wp-content\/uploads\/2025\/07\/2025-07-08_TESLA-1.png","width":726,"height":275,"caption":"\u00bfCastigo a Tesla o fin de ciclo? Los derrumbes sufridos en bolsa y la actitud contraproducente de Elon Musk podr\u00edan acabar con la empresa."},{"@type":"BreadcrumbList","@id":"https:\/\/www.eurekers.com\/cursosbolsa\/es-el-fin-de-tesla#breadcrumb","itemListElement":[{"@type":"ListItem","position":1,"name":"Portada","item":"https:\/\/www.eurekers.com\/cursosbolsa\/"},{"@type":"ListItem","position":2,"name":"\u00bfEs el fin de Tesla?"}]},{"@type":"WebSite","@id":"https:\/\/www.eurekers.com\/cursosbolsa\/#website","url":"https:\/\/www.eurekers.com\/cursosbolsa\/","name":"Blog de Bolsa - Eurekers","description":"Formaci\u00f3n y Comunidad de Bolsa","publisher":{"@id":"https:\/\/www.eurekers.com\/cursosbolsa\/#organization"},"potentialAction":[{"@type":"SearchAction","target":{"@type":"EntryPoint","urlTemplate":"https:\/\/www.eurekers.com\/cursosbolsa\/?s={search_term_string}"},"query-input":{"@type":"PropertyValueSpecification","valueRequired":true,"valueName":"search_term_string"}}],"inLanguage":"es"},{"@type":"Organization","@id":"https:\/\/www.eurekers.com\/cursosbolsa\/#organization","name":"Eurekers.com","url":"https:\/\/www.eurekers.com\/cursosbolsa\/","logo":{"@type":"ImageObject","inLanguage":"es","@id":"https:\/\/www.eurekers.com\/cursosbolsa\/#\/schema\/logo\/image\/","url":"https:\/\/www.eurekers.com\/cursosbolsa\/wp-content\/uploads\/2018\/10\/Anagrama.png","contentUrl":"https:\/\/www.eurekers.com\/cursosbolsa\/wp-content\/uploads\/2018\/10\/Anagrama.png","width":296,"height":274,"caption":"Eurekers.com"},"image":{"@id":"https:\/\/www.eurekers.com\/cursosbolsa\/#\/schema\/logo\/image\/"},"sameAs":["https:\/\/www.facebook.com\/eurekersbolsa","https:\/\/x.com\/eurekersbolsa","https:\/\/www.instagram.com\/eurekers\/"]},{"@type":"Person","@id":"https:\/\/www.eurekers.com\/cursosbolsa\/#\/schema\/person\/3f69752ea76301fe1d0d03b41cf01ce0","name":"Helena Garc\u00eda","image":{"@type":"ImageObject","inLanguage":"es","@id":"https:\/\/www.eurekers.com\/cursosbolsa\/#\/schema\/person\/image\/","url":"https:\/\/secure.gravatar.com\/avatar\/3f24279b7e4dd2fe2ed5cbee73552f0d?s=96&d=wp_user_avatar&r=g","contentUrl":"https:\/\/secure.gravatar.com\/avatar\/3f24279b7e4dd2fe2ed5cbee73552f0d?s=96&d=wp_user_avatar&r=g","caption":"Helena Garc\u00eda"},"url":"https:\/\/www.eurekers.com\/cursosbolsa\/author\/helenagarcia"}]}},"_links":{"self":[{"href":"https:\/\/www.eurekers.com\/cursosbolsa\/wp-json\/wp\/v2\/posts\/106431"}],"collection":[{"href":"https:\/\/www.eurekers.com\/cursosbolsa\/wp-json\/wp\/v2\/posts"}],"about":[{"href":"https:\/\/www.eurekers.com\/cursosbolsa\/wp-json\/wp\/v2\/types\/post"}],"author":[{"embeddable":true,"href":"https:\/\/www.eurekers.com\/cursosbolsa\/wp-json\/wp\/v2\/users\/17"}],"replies":[{"embeddable":true,"href":"https:\/\/www.eurekers.com\/cursosbolsa\/wp-json\/wp\/v2\/comments?post=106431"}],"version-history":[{"count":2,"href":"https:\/\/www.eurekers.com\/cursosbolsa\/wp-json\/wp\/v2\/posts\/106431\/revisions"}],"predecessor-version":[{"id":106439,"href":"https:\/\/www.eurekers.com\/cursosbolsa\/wp-json\/wp\/v2\/posts\/106431\/revisions\/106439"}],"wp:featuredmedia":[{"embeddable":true,"href":"https:\/\/www.eurekers.com\/cursosbolsa\/wp-json\/wp\/v2\/media\/106437"}],"wp:attachment":[{"href":"https:\/\/www.eurekers.com\/cursosbolsa\/wp-json\/wp\/v2\/media?parent=106431"}],"wp:term":[{"taxonomy":"category","embeddable":true,"href":"https:\/\/www.eurekers.com\/cursosbolsa\/wp-json\/wp\/v2\/categories?post=106431"},{"taxonomy":"post_tag","embeddable":true,"href":"https:\/\/www.eurekers.com\/cursosbolsa\/wp-json\/wp\/v2\/tags?post=106431"}],"curies":[{"name":"wp","href":"https:\/\/api.w.org\/{rel}","templated":true}]}}