{"id":106425,"date":"2025-06-29T18:12:23","date_gmt":"2025-06-29T18:12:23","guid":{"rendered":"https:\/\/www.eurekers.com\/cursosbolsa\/?p=106425"},"modified":"2026-04-12T14:50:13","modified_gmt":"2026-04-12T14:50:13","slug":"cuanto-presupuesto-aportara-espana-a-la-otan","status":"publish","type":"post","link":"https:\/\/www.eurekers.com\/cursosbolsa\/cuanto-presupuesto-aportara-espana-a-la-otan","title":{"rendered":"\u00bfCu\u00e1nto presupuesto aportar\u00e1 Espa\u00f1a a la OTAN?"},"content":{"rendered":"<p><strong>Los jefes de Estado y de Gobierno de la OTAN han aprobado esta semana un ambicioso compromiso para que cada aliado destine<\/strong>, a m\u00e1s tardar en 2035, <strong>el\u00a05% de su producto interior bruto<\/strong> (<strong><a href=\"https:\/\/www.eurekers.com\/cursosbolsa\/que-es-el-pib-y-como-se-calcula\">PIB<\/a><\/strong>) a la defensa. En este sentido, el acuerdo desglosa la cifra en un 3,5% para \u201cdefensa dura\u201d (tropas, armamento, mantenimiento) y un 1,5% extra para seguridad y resiliencia civil \u2014infraestructuras, ciberseguridad, energ\u00eda\u2014, lo que <strong>duplica de facto la cl\u00e1sica meta del 2 % fijada en 2014<\/strong>. El aumento, <strong>impulsado por el presidente estadounidense <a href=\"https:\/\/www.eurekers.com\/cursosbolsa\/?s=trump\">Donald Trump<\/a><\/strong>, afecta por igual a los 32 aliados:\u00a0Polonia ya supera el 4 %, mientras que\u00a0Estados Unidos gast\u00f3 un 3,19 % en 2024.<\/p>\n<p>Todo ello con la<strong> idea de ponerse a la alterna de sus rivales fuera de la \u00f3rbita atl\u00e1ntica<\/strong>. Por ejemplo, Rusia ha presupuestado para 2025 un gasto en defensa equivalente al 6,3 % de su PIB, unos 145.000 millones <strong><a href=\"https:\/\/www.eurekers.com\/cursosbolsa\/que-significan-las-siglas-usd-dolar-estadounidense\">USD<\/a><\/strong>, la cifra m\u00e1s alta desde la Guerra Fr\u00eda. Y toda esta escalada llega <strong>tras a\u00f1os en los que la contribuci\u00f3n a defensa y mucho menos a financiar la OTAN por parte de los aliados europeos era realmente escasa<\/strong>. De hecho, entre 2014 y 2024 la mayor\u00eda de grandes pa\u00edses europeos nunca llegaron a superar el 2,5%. <strong>El caso m\u00e1s destacado, el de Espa\u00f1a, que estaba a la cola<\/strong>.<\/p>\n<p><img fetchpriority=\"high\" decoding=\"async\" class=\"wp-image-106426 size-full\" src=\"https:\/\/www.eurekers.com\/cursosbolsa\/wp-content\/uploads\/2025\/06\/unnamed-17.jpg\" alt=\"Presupuesto militar de los miembros de la OTAN, Espa\u00f1a y la OTAN\" width=\"1180\" height=\"1518\" srcset=\"https:\/\/www.eurekers.com\/cursosbolsa\/wp-content\/uploads\/2025\/06\/unnamed-17.jpg 1180w, https:\/\/www.eurekers.com\/cursosbolsa\/wp-content\/uploads\/2025\/06\/unnamed-17-233x300.jpg 233w, https:\/\/www.eurekers.com\/cursosbolsa\/wp-content\/uploads\/2025\/06\/unnamed-17-796x1024.jpg 796w\" sizes=\"(max-width: 1180px) 100vw, 1180px\" \/><\/p>\n<p>Fuente: OTAN<\/p>\n<h2>\u00bfY cu\u00e1l ha sido la pol\u00e9mica de Espa\u00f1a?<\/h2>\n<p>Sin embargo, <strong>Espa\u00f1a en principio pareci\u00f3 salirse con la suya<\/strong>, en una especie de \u201ccl\u00e1usula de flexibilidad\u201d que le permit\u00eda quedarse en solo el 2,1% de su PIB a partir de 2028. Y, como bien es sabido, <strong>este hecho provoc\u00f3 la ira de Trump amenazando err\u00f3neamente con <a href=\"https:\/\/www.eurekers.com\/cursosbolsa\/que-son-los-aranceles-significado-e-impacto-bursatil\">duplicar aranceles<\/a><\/strong>, <strong>as\u00ed como la marginaci\u00f3n del presidente del Gobierno de Espa\u00f1a<\/strong>, <strong><a href=\"https:\/\/www.eurekers.com\/cursosbolsa\/?s=s%C3%A1nchez\">Pedro S\u00e1nchez<\/a><\/strong>, a la esquina derecha de la foto de familia.<\/p>\n<p><img decoding=\"async\" class=\"aligncenter size-full wp-image-106427\" src=\"https:\/\/www.eurekers.com\/cursosbolsa\/wp-content\/uploads\/2025\/06\/unnamed-18.jpg\" alt=\"Foto de familia de la OTAN\" width=\"1514\" height=\"985\" srcset=\"https:\/\/www.eurekers.com\/cursosbolsa\/wp-content\/uploads\/2025\/06\/unnamed-18.jpg 1514w, https:\/\/www.eurekers.com\/cursosbolsa\/wp-content\/uploads\/2025\/06\/unnamed-18-300x195.jpg 300w, https:\/\/www.eurekers.com\/cursosbolsa\/wp-content\/uploads\/2025\/06\/unnamed-18-1024x666.jpg 1024w\" sizes=\"(max-width: 1514px) 100vw, 1514px\" \/><\/p>\n<p>Por su parte, <strong>S\u00e1nchez aleg\u00f3 en rueda de prensa posterior que un salto hasta el 5% ser\u00eda inviable<\/strong> ya que implicar\u00eda recortes \u201cdr\u00e1sticos\u201d en pensiones y servicios p\u00fablicos o subidas de <strong><a href=\"https:\/\/www.eurekers.com\/cursosbolsa\/los-impuestos-mas-altos-de-europa\">impuestos<\/a><\/strong>.<\/p>\n<h3>\u00bfPero acaso esto era real?<\/h3>\n<p><strong>Lo cierto es que\u00a0temporalmente s\u00ed<\/strong>, debido a que el texto firmado introduce una cl\u00e1usula que reconoce \u201cflexibilidad soberana\u201d para ir adapt\u00e1ndose al incremento en el gasto con una evaluaci\u00f3n en 2029 al 2,1% del PIB para comprobar si cada socio avanza hacia la meta de 2035. De esta forma si, por ejemplo, Espa\u00f1a no demostrara para tal fecha que su presupuesto no cumple con el requisito del 2,1%, la Alianza \u201cexigir\u00e1 ajustes, previsiblemente al alza\u201d, lo que podr\u00eda traducirse en elevar su esfuerzo por encima de la senda original, para compensar el d\u00e9ficit acumulado.<\/p>\n<h2>\u00bfC\u00f3mo invertir en defensa?<\/h2>\n<p>Con todo, y dado el\u00a0incremento presupuestario\u00a0que en mayor o menor medida los diferentes estados miembro, sobre todo los\u00a0europeos, van a tener que realizar durante los pr\u00f3ximos a\u00f1os, <strong>podr\u00eda avecinarse un\u00a0nuevo ciclo alcista\u00a0de todo el sector defensa<\/strong>, y no en vano<strong> las compa\u00f1\u00edas l\u00edderes del viejo continente ya marcan\u00a0<a href=\"https:\/\/www.eurekers.com\/cursosbolsa\/que-quiere-decir-que-una-accion-este-en-maximos-historicos\">m\u00e1ximos hist\u00f3ricos<\/a><\/strong>.<\/p>\n<p>As\u00ed pues, <strong>empresas como la\u00a0alemana\u00a0Rheinmetall<\/strong>\u00a0(RHM) lleva un\u00a0rally de m\u00e1s del 168%\u00a0en apenas 6 meses, mientras que otras como <strong>la\u00a0francesa Thales Group<\/strong>\u00a0(HO) o <strong>la\u00a0italiana Leonardo<\/strong>\u00a0(LDO), llevan sendas subidas superiores al 65% y 75% respectivamente tambi\u00e9n en seis meses.<strong> Incluso la\u00a0espa\u00f1ola Indra<\/strong>\u00a0(IDR) lleva una\u00a0subida del 80%\u00a0para el mismo periodo de tiempo.<\/p>\n<p>Por su parte, para quienes prefieran\u00a0invertir en defensa\u00a0de forma indexada, <strong>el ETF\u00a0VanEck Defense UCITS ETF A<\/strong>\u00a0(DFEN), lleva una\u00a0revalorizaci\u00f3n del 160%\u00a0en apenas dos a\u00f1os en una tendencia indiscutiblemente alcista a largo plazo.<\/p>\n","protected":false},"excerpt":{"rendered":"<p>S\u00e1nchez la vuelve a liar, esta vez con la OTAN. Pero&#8230; \u00bfQu\u00e9 es verdad y qu\u00e9 no? Y lo m\u00e1s importante&#8230; \u00bfC\u00f3mo aprovecharnos como inversores?<\/p>\n","protected":false},"author":17,"featured_media":106428,"comment_status":"open","ping_status":"open","sticky":false,"template":"","format":"standard","meta":{"_joinchat":[],"footnotes":""},"categories":[107],"tags":[47,379,699,700,1014,1015],"class_list":["post-106425","post","type-post","status-publish","format-standard","has-post-thumbnail","hentry","category-noticias","tag-inversion","tag-espana","tag-otan","tag-defensa","tag-sanchez","tag-trumo"],"yoast_head":"<!-- This site is optimized with the Yoast SEO plugin v25.5 - https:\/\/yoast.com\/wordpress\/plugins\/seo\/ -->\n<title>\u00bfCu\u00e1nto presupuesto aportar\u00e1 Espa\u00f1a a la OTAN? - Eurekers<\/title>\n<meta name=\"description\" content=\"S\u00e1nchez la vuelve a liar, esta vez con la OTAN. Pero... \u00bfQu\u00e9 es verdad y qu\u00e9 no? Y lo m\u00e1s importante... \u00bfC\u00f3mo aprovecharnos como inversores?\" \/>\n<meta name=\"robots\" content=\"index, follow, max-snippet:-1, max-image-preview:large, max-video-preview:-1\" \/>\n<link rel=\"canonical\" href=\"https:\/\/www.eurekers.com\/cursosbolsa\/cuanto-presupuesto-aportara-espana-a-la-otan\" \/>\n<meta property=\"og:locale\" content=\"es_ES\" \/>\n<meta property=\"og:type\" content=\"article\" \/>\n<meta property=\"og:title\" content=\"\u00bfCu\u00e1nto presupuesto aportar\u00e1 Espa\u00f1a a la OTAN? - Eurekers\" \/>\n<meta property=\"og:description\" content=\"S\u00e1nchez la vuelve a liar, esta vez con la OTAN. Pero... \u00bfQu\u00e9 es verdad y qu\u00e9 no? Y lo m\u00e1s importante... \u00bfC\u00f3mo aprovecharnos como inversores?\" \/>\n<meta property=\"og:url\" content=\"https:\/\/www.eurekers.com\/cursosbolsa\/cuanto-presupuesto-aportara-espana-a-la-otan\" \/>\n<meta property=\"og:site_name\" content=\"Blog de Bolsa - Eurekers\" \/>\n<meta property=\"article:publisher\" content=\"https:\/\/www.facebook.com\/eurekersbolsa\" \/>\n<meta property=\"article:published_time\" content=\"2025-06-29T18:12:23+00:00\" \/>\n<meta property=\"article:modified_time\" content=\"2026-04-12T14:50:13+00:00\" \/>\n<meta property=\"og:image\" content=\"https:\/\/www.eurekers.com\/cursosbolsa\/wp-content\/uploads\/2025\/06\/2025-06-29_OTAN.png\" \/>\n\t<meta property=\"og:image:width\" content=\"726\" \/>\n\t<meta property=\"og:image:height\" content=\"275\" \/>\n\t<meta property=\"og:image:type\" content=\"image\/png\" \/>\n<meta name=\"author\" content=\"Helena Garc\u00eda\" \/>\n<meta name=\"twitter:card\" content=\"summary_large_image\" \/>\n<meta name=\"twitter:creator\" content=\"@eurekersbolsa\" \/>\n<meta name=\"twitter:site\" content=\"@eurekersbolsa\" \/>\n<meta name=\"twitter:label1\" content=\"Escrito por\" \/>\n\t<meta name=\"twitter:data1\" content=\"Helena Garc\u00eda\" \/>\n\t<meta name=\"twitter:label2\" content=\"Tiempo de lectura\" \/>\n\t<meta name=\"twitter:data2\" content=\"3 minutos\" \/>\n<script type=\"application\/ld+json\" class=\"yoast-schema-graph\">{\"@context\":\"https:\/\/schema.org\",\"@graph\":[{\"@type\":\"Article\",\"@id\":\"https:\/\/www.eurekers.com\/cursosbolsa\/cuanto-presupuesto-aportara-espana-a-la-otan#article\",\"isPartOf\":{\"@id\":\"https:\/\/www.eurekers.com\/cursosbolsa\/cuanto-presupuesto-aportara-espana-a-la-otan\"},\"author\":{\"name\":\"Helena Garc\u00eda\",\"@id\":\"https:\/\/www.eurekers.com\/cursosbolsa\/#\/schema\/person\/3f69752ea76301fe1d0d03b41cf01ce0\"},\"headline\":\"\u00bfCu\u00e1nto presupuesto aportar\u00e1 Espa\u00f1a a la OTAN?\",\"datePublished\":\"2025-06-29T18:12:23+00:00\",\"dateModified\":\"2026-04-12T14:50:13+00:00\",\"mainEntityOfPage\":{\"@id\":\"https:\/\/www.eurekers.com\/cursosbolsa\/cuanto-presupuesto-aportara-espana-a-la-otan\"},\"wordCount\":613,\"commentCount\":0,\"publisher\":{\"@id\":\"https:\/\/www.eurekers.com\/cursosbolsa\/#organization\"},\"image\":{\"@id\":\"https:\/\/www.eurekers.com\/cursosbolsa\/cuanto-presupuesto-aportara-espana-a-la-otan#primaryimage\"},\"thumbnailUrl\":\"https:\/\/www.eurekers.com\/cursosbolsa\/wp-content\/uploads\/2025\/06\/2025-06-29_OTAN.png\",\"keywords\":[\"inversion\",\"Espa\u00f1a\",\"OTAN\",\"defensa\",\"S\u00e1nchez\",\"Trumo\"],\"articleSection\":[\"Noticias\"],\"inLanguage\":\"es\",\"potentialAction\":[{\"@type\":\"CommentAction\",\"name\":\"Comment\",\"target\":[\"https:\/\/www.eurekers.com\/cursosbolsa\/cuanto-presupuesto-aportara-espana-a-la-otan#respond\"]}]},{\"@type\":\"WebPage\",\"@id\":\"https:\/\/www.eurekers.com\/cursosbolsa\/cuanto-presupuesto-aportara-espana-a-la-otan\",\"url\":\"https:\/\/www.eurekers.com\/cursosbolsa\/cuanto-presupuesto-aportara-espana-a-la-otan\",\"name\":\"\u00bfCu\u00e1nto presupuesto aportar\u00e1 Espa\u00f1a a la OTAN? - Eurekers\",\"isPartOf\":{\"@id\":\"https:\/\/www.eurekers.com\/cursosbolsa\/#website\"},\"primaryImageOfPage\":{\"@id\":\"https:\/\/www.eurekers.com\/cursosbolsa\/cuanto-presupuesto-aportara-espana-a-la-otan#primaryimage\"},\"image\":{\"@id\":\"https:\/\/www.eurekers.com\/cursosbolsa\/cuanto-presupuesto-aportara-espana-a-la-otan#primaryimage\"},\"thumbnailUrl\":\"https:\/\/www.eurekers.com\/cursosbolsa\/wp-content\/uploads\/2025\/06\/2025-06-29_OTAN.png\",\"datePublished\":\"2025-06-29T18:12:23+00:00\",\"dateModified\":\"2026-04-12T14:50:13+00:00\",\"description\":\"S\u00e1nchez la vuelve a liar, esta vez con la OTAN. Pero... \u00bfQu\u00e9 es verdad y qu\u00e9 no? Y lo m\u00e1s importante... \u00bfC\u00f3mo aprovecharnos como inversores?\",\"breadcrumb\":{\"@id\":\"https:\/\/www.eurekers.com\/cursosbolsa\/cuanto-presupuesto-aportara-espana-a-la-otan#breadcrumb\"},\"inLanguage\":\"es\",\"potentialAction\":[{\"@type\":\"ReadAction\",\"target\":[\"https:\/\/www.eurekers.com\/cursosbolsa\/cuanto-presupuesto-aportara-espana-a-la-otan\"]}]},{\"@type\":\"ImageObject\",\"inLanguage\":\"es\",\"@id\":\"https:\/\/www.eurekers.com\/cursosbolsa\/cuanto-presupuesto-aportara-espana-a-la-otan#primaryimage\",\"url\":\"https:\/\/www.eurekers.com\/cursosbolsa\/wp-content\/uploads\/2025\/06\/2025-06-29_OTAN.png\",\"contentUrl\":\"https:\/\/www.eurekers.com\/cursosbolsa\/wp-content\/uploads\/2025\/06\/2025-06-29_OTAN.png\",\"width\":726,\"height\":275,\"caption\":\"S\u00e1nchez la vuelve a liar, esta vez con la OTAN. Pero... \u00bfQu\u00e9 es verdad y qu\u00e9 no? \u00bfAportar\u00e1 Espa\u00f1a un 2,1% o el 5% demandado por Trump?\"},{\"@type\":\"BreadcrumbList\",\"@id\":\"https:\/\/www.eurekers.com\/cursosbolsa\/cuanto-presupuesto-aportara-espana-a-la-otan#breadcrumb\",\"itemListElement\":[{\"@type\":\"ListItem\",\"position\":1,\"name\":\"Portada\",\"item\":\"https:\/\/www.eurekers.com\/cursosbolsa\/\"},{\"@type\":\"ListItem\",\"position\":2,\"name\":\"\u00bfCu\u00e1nto presupuesto aportar\u00e1 Espa\u00f1a a la OTAN?\"}]},{\"@type\":\"WebSite\",\"@id\":\"https:\/\/www.eurekers.com\/cursosbolsa\/#website\",\"url\":\"https:\/\/www.eurekers.com\/cursosbolsa\/\",\"name\":\"Blog de Bolsa - Eurekers\",\"description\":\"Formaci\u00f3n y Comunidad de Bolsa\",\"publisher\":{\"@id\":\"https:\/\/www.eurekers.com\/cursosbolsa\/#organization\"},\"potentialAction\":[{\"@type\":\"SearchAction\",\"target\":{\"@type\":\"EntryPoint\",\"urlTemplate\":\"https:\/\/www.eurekers.com\/cursosbolsa\/?s={search_term_string}\"},\"query-input\":{\"@type\":\"PropertyValueSpecification\",\"valueRequired\":true,\"valueName\":\"search_term_string\"}}],\"inLanguage\":\"es\"},{\"@type\":\"Organization\",\"@id\":\"https:\/\/www.eurekers.com\/cursosbolsa\/#organization\",\"name\":\"Eurekers.com\",\"url\":\"https:\/\/www.eurekers.com\/cursosbolsa\/\",\"logo\":{\"@type\":\"ImageObject\",\"inLanguage\":\"es\",\"@id\":\"https:\/\/www.eurekers.com\/cursosbolsa\/#\/schema\/logo\/image\/\",\"url\":\"https:\/\/www.eurekers.com\/cursosbolsa\/wp-content\/uploads\/2018\/10\/Anagrama.png\",\"contentUrl\":\"https:\/\/www.eurekers.com\/cursosbolsa\/wp-content\/uploads\/2018\/10\/Anagrama.png\",\"width\":296,\"height\":274,\"caption\":\"Eurekers.com\"},\"image\":{\"@id\":\"https:\/\/www.eurekers.com\/cursosbolsa\/#\/schema\/logo\/image\/\"},\"sameAs\":[\"https:\/\/www.facebook.com\/eurekersbolsa\",\"https:\/\/x.com\/eurekersbolsa\",\"https:\/\/www.instagram.com\/eurekers\/\"]},{\"@type\":\"Person\",\"@id\":\"https:\/\/www.eurekers.com\/cursosbolsa\/#\/schema\/person\/3f69752ea76301fe1d0d03b41cf01ce0\",\"name\":\"Helena Garc\u00eda\",\"image\":{\"@type\":\"ImageObject\",\"inLanguage\":\"es\",\"@id\":\"https:\/\/www.eurekers.com\/cursosbolsa\/#\/schema\/person\/image\/\",\"url\":\"https:\/\/secure.gravatar.com\/avatar\/3f24279b7e4dd2fe2ed5cbee73552f0d?s=96&d=wp_user_avatar&r=g\",\"contentUrl\":\"https:\/\/secure.gravatar.com\/avatar\/3f24279b7e4dd2fe2ed5cbee73552f0d?s=96&d=wp_user_avatar&r=g\",\"caption\":\"Helena Garc\u00eda\"},\"url\":\"https:\/\/www.eurekers.com\/cursosbolsa\/author\/helenagarcia\"}]}<\/script>\n<!-- \/ Yoast SEO plugin. -->","yoast_head_json":{"title":"\u00bfCu\u00e1nto presupuesto aportar\u00e1 Espa\u00f1a a la OTAN? - Eurekers","description":"S\u00e1nchez la vuelve a liar, esta vez con la OTAN. Pero... \u00bfQu\u00e9 es verdad y qu\u00e9 no? Y lo m\u00e1s importante... \u00bfC\u00f3mo aprovecharnos como inversores?","robots":{"index":"index","follow":"follow","max-snippet":"max-snippet:-1","max-image-preview":"max-image-preview:large","max-video-preview":"max-video-preview:-1"},"canonical":"https:\/\/www.eurekers.com\/cursosbolsa\/cuanto-presupuesto-aportara-espana-a-la-otan","og_locale":"es_ES","og_type":"article","og_title":"\u00bfCu\u00e1nto presupuesto aportar\u00e1 Espa\u00f1a a la OTAN? - Eurekers","og_description":"S\u00e1nchez la vuelve a liar, esta vez con la OTAN. Pero... \u00bfQu\u00e9 es verdad y qu\u00e9 no? Y lo m\u00e1s importante... \u00bfC\u00f3mo aprovecharnos como inversores?","og_url":"https:\/\/www.eurekers.com\/cursosbolsa\/cuanto-presupuesto-aportara-espana-a-la-otan","og_site_name":"Blog de Bolsa - Eurekers","article_publisher":"https:\/\/www.facebook.com\/eurekersbolsa","article_published_time":"2025-06-29T18:12:23+00:00","article_modified_time":"2026-04-12T14:50:13+00:00","og_image":[{"width":726,"height":275,"url":"https:\/\/www.eurekers.com\/cursosbolsa\/wp-content\/uploads\/2025\/06\/2025-06-29_OTAN.png","type":"image\/png"}],"author":"Helena Garc\u00eda","twitter_card":"summary_large_image","twitter_creator":"@eurekersbolsa","twitter_site":"@eurekersbolsa","twitter_misc":{"Escrito por":"Helena Garc\u00eda","Tiempo de lectura":"3 minutos"},"schema":{"@context":"https:\/\/schema.org","@graph":[{"@type":"Article","@id":"https:\/\/www.eurekers.com\/cursosbolsa\/cuanto-presupuesto-aportara-espana-a-la-otan#article","isPartOf":{"@id":"https:\/\/www.eurekers.com\/cursosbolsa\/cuanto-presupuesto-aportara-espana-a-la-otan"},"author":{"name":"Helena Garc\u00eda","@id":"https:\/\/www.eurekers.com\/cursosbolsa\/#\/schema\/person\/3f69752ea76301fe1d0d03b41cf01ce0"},"headline":"\u00bfCu\u00e1nto presupuesto aportar\u00e1 Espa\u00f1a a la OTAN?","datePublished":"2025-06-29T18:12:23+00:00","dateModified":"2026-04-12T14:50:13+00:00","mainEntityOfPage":{"@id":"https:\/\/www.eurekers.com\/cursosbolsa\/cuanto-presupuesto-aportara-espana-a-la-otan"},"wordCount":613,"commentCount":0,"publisher":{"@id":"https:\/\/www.eurekers.com\/cursosbolsa\/#organization"},"image":{"@id":"https:\/\/www.eurekers.com\/cursosbolsa\/cuanto-presupuesto-aportara-espana-a-la-otan#primaryimage"},"thumbnailUrl":"https:\/\/www.eurekers.com\/cursosbolsa\/wp-content\/uploads\/2025\/06\/2025-06-29_OTAN.png","keywords":["inversion","Espa\u00f1a","OTAN","defensa","S\u00e1nchez","Trumo"],"articleSection":["Noticias"],"inLanguage":"es","potentialAction":[{"@type":"CommentAction","name":"Comment","target":["https:\/\/www.eurekers.com\/cursosbolsa\/cuanto-presupuesto-aportara-espana-a-la-otan#respond"]}]},{"@type":"WebPage","@id":"https:\/\/www.eurekers.com\/cursosbolsa\/cuanto-presupuesto-aportara-espana-a-la-otan","url":"https:\/\/www.eurekers.com\/cursosbolsa\/cuanto-presupuesto-aportara-espana-a-la-otan","name":"\u00bfCu\u00e1nto presupuesto aportar\u00e1 Espa\u00f1a a la OTAN? - Eurekers","isPartOf":{"@id":"https:\/\/www.eurekers.com\/cursosbolsa\/#website"},"primaryImageOfPage":{"@id":"https:\/\/www.eurekers.com\/cursosbolsa\/cuanto-presupuesto-aportara-espana-a-la-otan#primaryimage"},"image":{"@id":"https:\/\/www.eurekers.com\/cursosbolsa\/cuanto-presupuesto-aportara-espana-a-la-otan#primaryimage"},"thumbnailUrl":"https:\/\/www.eurekers.com\/cursosbolsa\/wp-content\/uploads\/2025\/06\/2025-06-29_OTAN.png","datePublished":"2025-06-29T18:12:23+00:00","dateModified":"2026-04-12T14:50:13+00:00","description":"S\u00e1nchez la vuelve a liar, esta vez con la OTAN. Pero... \u00bfQu\u00e9 es verdad y qu\u00e9 no? Y lo m\u00e1s importante... \u00bfC\u00f3mo aprovecharnos como inversores?","breadcrumb":{"@id":"https:\/\/www.eurekers.com\/cursosbolsa\/cuanto-presupuesto-aportara-espana-a-la-otan#breadcrumb"},"inLanguage":"es","potentialAction":[{"@type":"ReadAction","target":["https:\/\/www.eurekers.com\/cursosbolsa\/cuanto-presupuesto-aportara-espana-a-la-otan"]}]},{"@type":"ImageObject","inLanguage":"es","@id":"https:\/\/www.eurekers.com\/cursosbolsa\/cuanto-presupuesto-aportara-espana-a-la-otan#primaryimage","url":"https:\/\/www.eurekers.com\/cursosbolsa\/wp-content\/uploads\/2025\/06\/2025-06-29_OTAN.png","contentUrl":"https:\/\/www.eurekers.com\/cursosbolsa\/wp-content\/uploads\/2025\/06\/2025-06-29_OTAN.png","width":726,"height":275,"caption":"S\u00e1nchez la vuelve a liar, esta vez con la OTAN. Pero... \u00bfQu\u00e9 es verdad y qu\u00e9 no? \u00bfAportar\u00e1 Espa\u00f1a un 2,1% o el 5% demandado por Trump?"},{"@type":"BreadcrumbList","@id":"https:\/\/www.eurekers.com\/cursosbolsa\/cuanto-presupuesto-aportara-espana-a-la-otan#breadcrumb","itemListElement":[{"@type":"ListItem","position":1,"name":"Portada","item":"https:\/\/www.eurekers.com\/cursosbolsa\/"},{"@type":"ListItem","position":2,"name":"\u00bfCu\u00e1nto presupuesto aportar\u00e1 Espa\u00f1a a la OTAN?"}]},{"@type":"WebSite","@id":"https:\/\/www.eurekers.com\/cursosbolsa\/#website","url":"https:\/\/www.eurekers.com\/cursosbolsa\/","name":"Blog de Bolsa - Eurekers","description":"Formaci\u00f3n y Comunidad de Bolsa","publisher":{"@id":"https:\/\/www.eurekers.com\/cursosbolsa\/#organization"},"potentialAction":[{"@type":"SearchAction","target":{"@type":"EntryPoint","urlTemplate":"https:\/\/www.eurekers.com\/cursosbolsa\/?s={search_term_string}"},"query-input":{"@type":"PropertyValueSpecification","valueRequired":true,"valueName":"search_term_string"}}],"inLanguage":"es"},{"@type":"Organization","@id":"https:\/\/www.eurekers.com\/cursosbolsa\/#organization","name":"Eurekers.com","url":"https:\/\/www.eurekers.com\/cursosbolsa\/","logo":{"@type":"ImageObject","inLanguage":"es","@id":"https:\/\/www.eurekers.com\/cursosbolsa\/#\/schema\/logo\/image\/","url":"https:\/\/www.eurekers.com\/cursosbolsa\/wp-content\/uploads\/2018\/10\/Anagrama.png","contentUrl":"https:\/\/www.eurekers.com\/cursosbolsa\/wp-content\/uploads\/2018\/10\/Anagrama.png","width":296,"height":274,"caption":"Eurekers.com"},"image":{"@id":"https:\/\/www.eurekers.com\/cursosbolsa\/#\/schema\/logo\/image\/"},"sameAs":["https:\/\/www.facebook.com\/eurekersbolsa","https:\/\/x.com\/eurekersbolsa","https:\/\/www.instagram.com\/eurekers\/"]},{"@type":"Person","@id":"https:\/\/www.eurekers.com\/cursosbolsa\/#\/schema\/person\/3f69752ea76301fe1d0d03b41cf01ce0","name":"Helena Garc\u00eda","image":{"@type":"ImageObject","inLanguage":"es","@id":"https:\/\/www.eurekers.com\/cursosbolsa\/#\/schema\/person\/image\/","url":"https:\/\/secure.gravatar.com\/avatar\/3f24279b7e4dd2fe2ed5cbee73552f0d?s=96&d=wp_user_avatar&r=g","contentUrl":"https:\/\/secure.gravatar.com\/avatar\/3f24279b7e4dd2fe2ed5cbee73552f0d?s=96&d=wp_user_avatar&r=g","caption":"Helena Garc\u00eda"},"url":"https:\/\/www.eurekers.com\/cursosbolsa\/author\/helenagarcia"}]}},"_links":{"self":[{"href":"https:\/\/www.eurekers.com\/cursosbolsa\/wp-json\/wp\/v2\/posts\/106425"}],"collection":[{"href":"https:\/\/www.eurekers.com\/cursosbolsa\/wp-json\/wp\/v2\/posts"}],"about":[{"href":"https:\/\/www.eurekers.com\/cursosbolsa\/wp-json\/wp\/v2\/types\/post"}],"author":[{"embeddable":true,"href":"https:\/\/www.eurekers.com\/cursosbolsa\/wp-json\/wp\/v2\/users\/17"}],"replies":[{"embeddable":true,"href":"https:\/\/www.eurekers.com\/cursosbolsa\/wp-json\/wp\/v2\/comments?post=106425"}],"version-history":[{"count":1,"href":"https:\/\/www.eurekers.com\/cursosbolsa\/wp-json\/wp\/v2\/posts\/106425\/revisions"}],"predecessor-version":[{"id":106429,"href":"https:\/\/www.eurekers.com\/cursosbolsa\/wp-json\/wp\/v2\/posts\/106425\/revisions\/106429"}],"wp:featuredmedia":[{"embeddable":true,"href":"https:\/\/www.eurekers.com\/cursosbolsa\/wp-json\/wp\/v2\/media\/106428"}],"wp:attachment":[{"href":"https:\/\/www.eurekers.com\/cursosbolsa\/wp-json\/wp\/v2\/media?parent=106425"}],"wp:term":[{"taxonomy":"category","embeddable":true,"href":"https:\/\/www.eurekers.com\/cursosbolsa\/wp-json\/wp\/v2\/categories?post=106425"},{"taxonomy":"post_tag","embeddable":true,"href":"https:\/\/www.eurekers.com\/cursosbolsa\/wp-json\/wp\/v2\/tags?post=106425"}],"curies":[{"name":"wp","href":"https:\/\/api.w.org\/{rel}","templated":true}]}}