{"id":106282,"date":"2025-02-24T17:16:24","date_gmt":"2025-02-24T17:16:24","guid":{"rendered":"https:\/\/www.eurekers.com\/cursosbolsa\/?p=106282"},"modified":"2026-04-12T14:50:21","modified_gmt":"2026-04-12T14:50:21","slug":"elecciones-en-alemania-como-afectara-a-sus-mercados","status":"publish","type":"post","link":"https:\/\/www.eurekers.com\/cursosbolsa\/elecciones-en-alemania-como-afectara-a-sus-mercados","title":{"rendered":"Elecciones en Alemania: \u00bfC\u00f3mo afectar\u00e1 a sus mercados?"},"content":{"rendered":"<p><img fetchpriority=\"high\" decoding=\"async\" class=\"aligncenter size-full wp-image-106283\" src=\"https:\/\/www.eurekers.com\/cursosbolsa\/wp-content\/uploads\/2025\/03\/2025-02-25.png\" alt=\"Las elecciones en Alemania se han resuelto con la victoria del CDU y parece avecinarse una gran coalici\u00f3n \u00bfC\u00f3mo afectar\u00e1 a tus inversiones?\" width=\"726\" height=\"275\" srcset=\"https:\/\/www.eurekers.com\/cursosbolsa\/wp-content\/uploads\/2025\/03\/2025-02-25.png 726w, https:\/\/www.eurekers.com\/cursosbolsa\/wp-content\/uploads\/2025\/03\/2025-02-25-300x114.png 300w, https:\/\/www.eurekers.com\/cursosbolsa\/wp-content\/uploads\/2025\/03\/2025-02-25-uai-720x273.png 720w\" sizes=\"(max-width: 726px) 100vw, 726px\" \/><\/p>\n<p dir=\"ltr\">Las <strong>elecciones en Alemania<\/strong> celebradas en febrero de 2025 <strong>traer\u00e1n consigo un cambio en la jefatura de la Canciller\u00eda<\/strong>, <strong>tras la clara victoria de la Uni\u00f3n Dem\u00f3crata Cristiana<\/strong> (<strong><a href=\"https:\/\/www.cdu.de\/\">CDU<\/a><\/strong>), liderada por <strong><a href=\"https:\/\/es.wikipedia.org\/wiki\/Friedrich_Merz\">Friedrich Merz<\/a><\/strong> para que\u2026 posiblemente <strong>nada cambie en el modelo econ\u00f3mico alem\u00e1n<\/strong>. Y es que la formaci\u00f3n que hace unos a\u00f1os lider\u00f3 Angela Merkel obtuvo el 28,6% de los votos, lo que le forzar\u00e1 a <strong>crear un gobierno de coalici\u00f3n<\/strong>.<\/p>\n<p dir=\"ltr\">La <strong>segunda plaza<\/strong>, y tras un ascenso notable, <strong>fue para Alternativa para Alemania<\/strong> (<strong><a href=\"https:\/\/www.afd.de\/\">AfD<\/a><\/strong>), que duplic\u00f3 su apoyo en comparaci\u00f3n con elecciones anteriores, alcanzando un 20,9% de los votos y consolid\u00e1ndose como la segunda fuerza pol\u00edtica del pa\u00eds. Mientras que <strong>la medalla de bronce fue para el Partido Socialdem\u00f3crata<\/strong> (<strong><a href=\"https:\/\/www.spd.de\/\">SPD<\/a><\/strong>), encabezado por Olaf Scholz -actual canciller, ya en funciones-, obteniendo solo un 16,4% de los votos, su peor resultado en m\u00e1s de un siglo.<\/p>\n<p dir=\"ltr\"><img decoding=\"async\" class=\"aligncenter size-full wp-image-106284\" src=\"https:\/\/www.eurekers.com\/cursosbolsa\/wp-content\/uploads\/2025\/03\/unnamed-9.png\" alt=\"Resultados de las elecciones en Alemania\" width=\"1016\" height=\"620\" srcset=\"https:\/\/www.eurekers.com\/cursosbolsa\/wp-content\/uploads\/2025\/03\/unnamed-9.png 1016w, https:\/\/www.eurekers.com\/cursosbolsa\/wp-content\/uploads\/2025\/03\/unnamed-9-300x183.png 300w\" sizes=\"(max-width: 1016px) 100vw, 1016px\" \/><\/p>\n<h2 dir=\"ltr\">Los grandes debates de Alemania<\/h2>\n<p dir=\"ltr\">Tras el cord\u00f3n sanitario que las principales fuerzas pol\u00edtica imponen a la formaci\u00f3n AfD, <strong>el gobierno muy posiblemente se forme a trav\u00e9s de una coalici\u00f3n entre las CDU<\/strong> -lo que equivaldr\u00eda al Partido Popular de Espa\u00f1a-, <strong>y los socialdem\u00f3cratas<\/strong> -la r\u00e9plica del PSOE en Alemania-, con la abstenci\u00f3n de los verdes -cuarta fuerza pol\u00edtica-. En todo este enjambre, tres ser\u00e1n los principales debates:<\/p>\n<ul>\n<li dir=\"ltr\">\n<p dir=\"ltr\" role=\"presentation\"><strong>Inmigraci\u00f3n<\/strong>: Fruto de la creciente inseguridad, debido al incremento de la criminalidad, principalmente originaria de inmigrantes provenientes de la zona del Sahel. En este apartado s\u00ed que puede haber bastante sinton\u00eda por parte de ambas formaciones -CDU y SPD-, en poner ciertos l\u00edmites a la llegada de inmigrantes, seg\u00fan de qu\u00e9 zonas, como ya est\u00e1 pasando en Suecia o Finlandia.<\/p>\n<\/li>\n<li dir=\"ltr\">\n<p dir=\"ltr\" role=\"presentation\"><strong>Energ\u00eda<\/strong>: El encarecimiento de la misma, fruto de la guerra de Ucrania, ha disparado la inflaci\u00f3n, y aumentado los costes de producci\u00f3n, lo que ha hecho a la naci\u00f3n germana menos competitiva en materia industrial que otras naciones, tumbando su industria y aumentando el paro. Aqu\u00ed ya empiezan algunas diferencias, pues mientras los verdes y los socialdem\u00f3cratas quieren seguir apostando por las energ\u00edas limpias, el actual l\u00edder de la CDU\u00a0 ha sido muy cr\u00edtico con las pol\u00edticas clim\u00e1ticas alemanas, tild\u00e1ndolas incluso de \u201cfeas\u201d.<\/p>\n<\/li>\n<li dir=\"ltr\">\n<p dir=\"ltr\" role=\"presentation\"><strong>Deuda<\/strong>: Desde el a\u00f1o 2009, los democristianos alemanes -CDU-, impusieron un l\u00edmite al endeudamiento del Estado del 0,35% del PIB del pa\u00eds. Pues bien, aunque la CDU es proclive a seguir manteni\u00e9ndolo de forma innegociable. Tanto verdes, como socialdem\u00f3cratas apuesta por una elevaci\u00f3n del mismo, para poder destinar mayores partidas de gasto, tanto a la subvencionar las energ\u00edas verdes, como a aumentar el gasto en defensa al 2% del PIB -requerimiento m\u00ednimo que exige la OTAN-<\/p>\n<\/li>\n<\/ul>\n<h2 dir=\"ltr\">El efecto en los mercados de las elecciones en Alemania<\/h2>\n<p dir=\"ltr\"><strong>Lo bueno de que pocas cosas cambien<\/strong> en los asuntos m\u00e1s importantes, como energ\u00eda, y endeudamiento -donde posiblemente se acabe llegando a un acuerdo de m\u00ednimos-, <strong>es que\u00a0en los <a href=\"https:\/\/www.eurekers.com\/cursosbolsa\/que-es-el-mercado-y-que-tipos-de-mercados-existen\">mercados<\/a>\u00a0nada, o muy\u00a0pocas cosas cambiar\u00e1n<\/strong>.\u00a0Aunque\u00a0Alemania\u00a0lleva a\u00f1os sumida en\u00a0cierto <strong><a href=\"https:\/\/www.eurekers.com\/cursosbolsa\/alemania-entra-en-recesion\">estancamiento econ\u00f3mico<\/a><\/strong>, su principal \u00edndice de referencia, el DAX 40, no ha parado de subir. No en vano, durante los \u00faltimos 3 a\u00f1os llevan una revalorizaci\u00f3n del 50%.<\/p>\n<p dir=\"ltr\"><img decoding=\"async\" class=\"aligncenter size-full wp-image-106285\" src=\"https:\/\/www.eurekers.com\/cursosbolsa\/wp-content\/uploads\/2025\/03\/unnamed-11.png\" alt=\"Respuesta del mercado\" width=\"1063\" height=\"625\" srcset=\"https:\/\/www.eurekers.com\/cursosbolsa\/wp-content\/uploads\/2025\/03\/unnamed-11.png 1063w, https:\/\/www.eurekers.com\/cursosbolsa\/wp-content\/uploads\/2025\/03\/unnamed-11-300x176.png 300w, https:\/\/www.eurekers.com\/cursosbolsa\/wp-content\/uploads\/2025\/03\/unnamed-11-1024x602.png 1024w\" sizes=\"(max-width: 1063px) 100vw, 1063px\" \/><\/p>\n<p dir=\"ltr\">Esto se debe a que si nos paramos a mirar sus <strong><a href=\"https:\/\/www.eurekers.com\/cursosbolsa\/que-es-una-empresa-definicion-funciones\">empresas<\/a><\/strong>,\u00a0las compa\u00f1\u00edas que m\u00e1s pesan en el \u00edndice,\u00a0no\u00a0venden\u00a0en Alemania como principal mercado, sino\u00a0en EEUU, con m\u00e1s de un 70% de sus ventas.\u00a0Y es que igual que EEUU tiene a sus 7 magn\u00edficas que han sustentado a los \u00edndices estos \u00faltimos dos a\u00f1os,\u00a0Alemania\u00a0tiene a\u00a0<em>big players<\/em>\u00a0como\u00a0SAP\u00a0(<strong><a href=\"https:\/\/eurekers.com\/app\/stock\/sap\">SAP<\/a><\/strong>),\u00a0Siemens\u00a0(<strong><a href=\"https:\/\/eurekers.com\/app\/stock\/enr.be\">ENR.BE<\/a><\/strong>),\u00a0Allianz\u00a0(<strong><a href=\"https:\/\/eurekers.com\/app\/stock\/alv.de\/\" target=\"_blank\" rel=\"noopener\" data-saferedirecturl=\"https:\/\/www.google.com\/url?q=http:\/\/ALV.DE&amp;source=gmail&amp;ust=1740763877764000&amp;usg=AOvVaw2IeKu4hjpr2jTQUl7FcpFs\">ALV.DE<\/a><\/strong>),\u00a0Porsche\u00a0(<a href=\"https:\/\/eurekers.com\/app\/stock\/p911.f\"><strong>P911.F<\/strong><\/a>) o\u00a0BMW\u00a0(<a href=\"https:\/\/eurekers.com\/app\/stock\/bmw.de\/\" target=\"_blank\" rel=\"noopener\" data-saferedirecturl=\"https:\/\/www.google.com\/url?q=http:\/\/BMW.DE&amp;source=gmail&amp;ust=1740763877764000&amp;usg=AOvVaw3pgRDUyfmwHQihdx3sNIPR\"><strong>BMW.DE<\/strong><\/a>), cuyo principal origen de su facturaci\u00f3n proviene del mercado internacional, m\u00e1s en particular de EEUU.<\/p>\n<p dir=\"ltr\">Con todo, cambio de cromos en el ejecutivo, para que todo siga igual. Cierto grado de regulaci\u00f3n en materia de inmigraci\u00f3n -debido a que empieza a ser un tema realmente impopular-, continuismo en materia energ\u00e9tica verde, y por suerte, mantenimiento en el l\u00edmite de endeudamiento con con cierto repunte de su gasto en defensa. Mientras que por el lado de las\u00a0finanzas, no deber\u00edamos asistir a\u00a0ning\u00fan susto\u00a0ni alarma burs\u00e1til. De hecho en los \u00faltimos a\u00f1os, las\u00a0pol\u00edticas econ\u00f3micas algo m\u00e1s r\u00edgidas de la CDU\u00a0siempre fueron\u00a0positivas para sus mercados,\u00a0y m\u00e1s ahora, cuando sus principales empresas no venden en Alemania.<\/p>\n","protected":false},"excerpt":{"rendered":"<p>Las elecciones en Alemania se han resuelto con la victoria del CDU y parece avecinarse una gran coalici\u00f3n \u00bfC\u00f3mo afectar\u00e1 a tus inversiones?<\/p>\n","protected":false},"author":17,"featured_media":106283,"comment_status":"open","ping_status":"open","sticky":false,"template":"","format":"standard","meta":{"_joinchat":[],"footnotes":""},"categories":[107],"tags":[47,94,232,588,987],"class_list":["post-106282","post","type-post","status-publish","format-standard","has-post-thumbnail","hentry","category-noticias","tag-inversion","tag-elecciones","tag-mercado","tag-alemania","tag-cdu"],"yoast_head":"<!-- This site is optimized with the Yoast SEO plugin v25.5 - https:\/\/yoast.com\/wordpress\/plugins\/seo\/ -->\n<title>Elecciones en Alemania: \u00bfC\u00f3mo afectar\u00e1 a sus mercados? - Eurekers<\/title>\n<meta name=\"description\" content=\"Las elecciones en Alemania se han resuelto con la victoria del CDU y parece avecinarse una gran coalici\u00f3n \u00bfC\u00f3mo afectar\u00e1 a tus inversiones?\" \/>\n<meta name=\"robots\" content=\"index, follow, max-snippet:-1, max-image-preview:large, max-video-preview:-1\" \/>\n<link rel=\"canonical\" href=\"https:\/\/www.eurekers.com\/cursosbolsa\/elecciones-en-alemania-como-afectara-a-sus-mercados\" \/>\n<meta property=\"og:locale\" content=\"es_ES\" \/>\n<meta property=\"og:type\" content=\"article\" \/>\n<meta property=\"og:title\" content=\"Elecciones en Alemania: \u00bfC\u00f3mo afectar\u00e1 a sus mercados? - Eurekers\" \/>\n<meta property=\"og:description\" content=\"Las elecciones en Alemania se han resuelto con la victoria del CDU y parece avecinarse una gran coalici\u00f3n \u00bfC\u00f3mo afectar\u00e1 a tus inversiones?\" \/>\n<meta property=\"og:url\" content=\"https:\/\/www.eurekers.com\/cursosbolsa\/elecciones-en-alemania-como-afectara-a-sus-mercados\" \/>\n<meta property=\"og:site_name\" content=\"Blog de Bolsa - Eurekers\" \/>\n<meta property=\"article:publisher\" content=\"https:\/\/www.facebook.com\/eurekersbolsa\" \/>\n<meta property=\"article:published_time\" content=\"2025-02-24T17:16:24+00:00\" \/>\n<meta property=\"article:modified_time\" content=\"2026-04-12T14:50:21+00:00\" \/>\n<meta property=\"og:image\" content=\"https:\/\/www.eurekers.com\/cursosbolsa\/wp-content\/uploads\/2025\/03\/2025-02-25.png\" \/>\n\t<meta property=\"og:image:width\" content=\"726\" \/>\n\t<meta property=\"og:image:height\" content=\"275\" \/>\n\t<meta property=\"og:image:type\" content=\"image\/png\" \/>\n<meta name=\"author\" content=\"Helena Garc\u00eda\" \/>\n<meta name=\"twitter:card\" content=\"summary_large_image\" \/>\n<meta name=\"twitter:creator\" content=\"@eurekersbolsa\" \/>\n<meta name=\"twitter:site\" content=\"@eurekersbolsa\" \/>\n<meta name=\"twitter:label1\" content=\"Escrito por\" \/>\n\t<meta name=\"twitter:data1\" content=\"Helena Garc\u00eda\" \/>\n\t<meta name=\"twitter:label2\" content=\"Tiempo de lectura\" \/>\n\t<meta name=\"twitter:data2\" content=\"4 minutos\" \/>\n<script type=\"application\/ld+json\" class=\"yoast-schema-graph\">{\"@context\":\"https:\/\/schema.org\",\"@graph\":[{\"@type\":\"Article\",\"@id\":\"https:\/\/www.eurekers.com\/cursosbolsa\/elecciones-en-alemania-como-afectara-a-sus-mercados#article\",\"isPartOf\":{\"@id\":\"https:\/\/www.eurekers.com\/cursosbolsa\/elecciones-en-alemania-como-afectara-a-sus-mercados\"},\"author\":{\"name\":\"Helena Garc\u00eda\",\"@id\":\"https:\/\/www.eurekers.com\/cursosbolsa\/#\/schema\/person\/3f69752ea76301fe1d0d03b41cf01ce0\"},\"headline\":\"Elecciones en Alemania: \u00bfC\u00f3mo afectar\u00e1 a sus mercados?\",\"datePublished\":\"2025-02-24T17:16:24+00:00\",\"dateModified\":\"2026-04-12T14:50:21+00:00\",\"mainEntityOfPage\":{\"@id\":\"https:\/\/www.eurekers.com\/cursosbolsa\/elecciones-en-alemania-como-afectara-a-sus-mercados\"},\"wordCount\":787,\"commentCount\":0,\"publisher\":{\"@id\":\"https:\/\/www.eurekers.com\/cursosbolsa\/#organization\"},\"image\":{\"@id\":\"https:\/\/www.eurekers.com\/cursosbolsa\/elecciones-en-alemania-como-afectara-a-sus-mercados#primaryimage\"},\"thumbnailUrl\":\"https:\/\/www.eurekers.com\/cursosbolsa\/wp-content\/uploads\/2025\/03\/2025-02-25.png\",\"keywords\":[\"inversion\",\"elecciones\",\"mercado\",\"Alemania\",\"CDU\"],\"articleSection\":[\"Noticias\"],\"inLanguage\":\"es\",\"potentialAction\":[{\"@type\":\"CommentAction\",\"name\":\"Comment\",\"target\":[\"https:\/\/www.eurekers.com\/cursosbolsa\/elecciones-en-alemania-como-afectara-a-sus-mercados#respond\"]}]},{\"@type\":\"WebPage\",\"@id\":\"https:\/\/www.eurekers.com\/cursosbolsa\/elecciones-en-alemania-como-afectara-a-sus-mercados\",\"url\":\"https:\/\/www.eurekers.com\/cursosbolsa\/elecciones-en-alemania-como-afectara-a-sus-mercados\",\"name\":\"Elecciones en Alemania: \u00bfC\u00f3mo afectar\u00e1 a sus mercados? - Eurekers\",\"isPartOf\":{\"@id\":\"https:\/\/www.eurekers.com\/cursosbolsa\/#website\"},\"primaryImageOfPage\":{\"@id\":\"https:\/\/www.eurekers.com\/cursosbolsa\/elecciones-en-alemania-como-afectara-a-sus-mercados#primaryimage\"},\"image\":{\"@id\":\"https:\/\/www.eurekers.com\/cursosbolsa\/elecciones-en-alemania-como-afectara-a-sus-mercados#primaryimage\"},\"thumbnailUrl\":\"https:\/\/www.eurekers.com\/cursosbolsa\/wp-content\/uploads\/2025\/03\/2025-02-25.png\",\"datePublished\":\"2025-02-24T17:16:24+00:00\",\"dateModified\":\"2026-04-12T14:50:21+00:00\",\"description\":\"Las elecciones en Alemania se han resuelto con la victoria del CDU y parece avecinarse una gran coalici\u00f3n \u00bfC\u00f3mo afectar\u00e1 a tus inversiones?\",\"breadcrumb\":{\"@id\":\"https:\/\/www.eurekers.com\/cursosbolsa\/elecciones-en-alemania-como-afectara-a-sus-mercados#breadcrumb\"},\"inLanguage\":\"es\",\"potentialAction\":[{\"@type\":\"ReadAction\",\"target\":[\"https:\/\/www.eurekers.com\/cursosbolsa\/elecciones-en-alemania-como-afectara-a-sus-mercados\"]}]},{\"@type\":\"ImageObject\",\"inLanguage\":\"es\",\"@id\":\"https:\/\/www.eurekers.com\/cursosbolsa\/elecciones-en-alemania-como-afectara-a-sus-mercados#primaryimage\",\"url\":\"https:\/\/www.eurekers.com\/cursosbolsa\/wp-content\/uploads\/2025\/03\/2025-02-25.png\",\"contentUrl\":\"https:\/\/www.eurekers.com\/cursosbolsa\/wp-content\/uploads\/2025\/03\/2025-02-25.png\",\"width\":726,\"height\":275,\"caption\":\"Las elecciones en Alemania se han resuelto con la victoria del CDU y parece avecinarse una gran coalici\u00f3n \u00bfC\u00f3mo afectar\u00e1 a tus inversiones?\"},{\"@type\":\"BreadcrumbList\",\"@id\":\"https:\/\/www.eurekers.com\/cursosbolsa\/elecciones-en-alemania-como-afectara-a-sus-mercados#breadcrumb\",\"itemListElement\":[{\"@type\":\"ListItem\",\"position\":1,\"name\":\"Portada\",\"item\":\"https:\/\/www.eurekers.com\/cursosbolsa\/\"},{\"@type\":\"ListItem\",\"position\":2,\"name\":\"Elecciones en Alemania: \u00bfC\u00f3mo afectar\u00e1 a sus mercados?\"}]},{\"@type\":\"WebSite\",\"@id\":\"https:\/\/www.eurekers.com\/cursosbolsa\/#website\",\"url\":\"https:\/\/www.eurekers.com\/cursosbolsa\/\",\"name\":\"Blog de Bolsa - Eurekers\",\"description\":\"Formaci\u00f3n y Comunidad de Bolsa\",\"publisher\":{\"@id\":\"https:\/\/www.eurekers.com\/cursosbolsa\/#organization\"},\"potentialAction\":[{\"@type\":\"SearchAction\",\"target\":{\"@type\":\"EntryPoint\",\"urlTemplate\":\"https:\/\/www.eurekers.com\/cursosbolsa\/?s={search_term_string}\"},\"query-input\":{\"@type\":\"PropertyValueSpecification\",\"valueRequired\":true,\"valueName\":\"search_term_string\"}}],\"inLanguage\":\"es\"},{\"@type\":\"Organization\",\"@id\":\"https:\/\/www.eurekers.com\/cursosbolsa\/#organization\",\"name\":\"Eurekers.com\",\"url\":\"https:\/\/www.eurekers.com\/cursosbolsa\/\",\"logo\":{\"@type\":\"ImageObject\",\"inLanguage\":\"es\",\"@id\":\"https:\/\/www.eurekers.com\/cursosbolsa\/#\/schema\/logo\/image\/\",\"url\":\"https:\/\/www.eurekers.com\/cursosbolsa\/wp-content\/uploads\/2018\/10\/Anagrama.png\",\"contentUrl\":\"https:\/\/www.eurekers.com\/cursosbolsa\/wp-content\/uploads\/2018\/10\/Anagrama.png\",\"width\":296,\"height\":274,\"caption\":\"Eurekers.com\"},\"image\":{\"@id\":\"https:\/\/www.eurekers.com\/cursosbolsa\/#\/schema\/logo\/image\/\"},\"sameAs\":[\"https:\/\/www.facebook.com\/eurekersbolsa\",\"https:\/\/x.com\/eurekersbolsa\",\"https:\/\/www.instagram.com\/eurekers\/\"]},{\"@type\":\"Person\",\"@id\":\"https:\/\/www.eurekers.com\/cursosbolsa\/#\/schema\/person\/3f69752ea76301fe1d0d03b41cf01ce0\",\"name\":\"Helena Garc\u00eda\",\"image\":{\"@type\":\"ImageObject\",\"inLanguage\":\"es\",\"@id\":\"https:\/\/www.eurekers.com\/cursosbolsa\/#\/schema\/person\/image\/\",\"url\":\"https:\/\/secure.gravatar.com\/avatar\/3f24279b7e4dd2fe2ed5cbee73552f0d?s=96&d=wp_user_avatar&r=g\",\"contentUrl\":\"https:\/\/secure.gravatar.com\/avatar\/3f24279b7e4dd2fe2ed5cbee73552f0d?s=96&d=wp_user_avatar&r=g\",\"caption\":\"Helena Garc\u00eda\"},\"url\":\"https:\/\/www.eurekers.com\/cursosbolsa\/author\/helenagarcia\"}]}<\/script>\n<!-- \/ Yoast SEO plugin. -->","yoast_head_json":{"title":"Elecciones en Alemania: \u00bfC\u00f3mo afectar\u00e1 a sus mercados? - Eurekers","description":"Las elecciones en Alemania se han resuelto con la victoria del CDU y parece avecinarse una gran coalici\u00f3n \u00bfC\u00f3mo afectar\u00e1 a tus inversiones?","robots":{"index":"index","follow":"follow","max-snippet":"max-snippet:-1","max-image-preview":"max-image-preview:large","max-video-preview":"max-video-preview:-1"},"canonical":"https:\/\/www.eurekers.com\/cursosbolsa\/elecciones-en-alemania-como-afectara-a-sus-mercados","og_locale":"es_ES","og_type":"article","og_title":"Elecciones en Alemania: \u00bfC\u00f3mo afectar\u00e1 a sus mercados? - Eurekers","og_description":"Las elecciones en Alemania se han resuelto con la victoria del CDU y parece avecinarse una gran coalici\u00f3n \u00bfC\u00f3mo afectar\u00e1 a tus inversiones?","og_url":"https:\/\/www.eurekers.com\/cursosbolsa\/elecciones-en-alemania-como-afectara-a-sus-mercados","og_site_name":"Blog de Bolsa - Eurekers","article_publisher":"https:\/\/www.facebook.com\/eurekersbolsa","article_published_time":"2025-02-24T17:16:24+00:00","article_modified_time":"2026-04-12T14:50:21+00:00","og_image":[{"width":726,"height":275,"url":"https:\/\/www.eurekers.com\/cursosbolsa\/wp-content\/uploads\/2025\/03\/2025-02-25.png","type":"image\/png"}],"author":"Helena Garc\u00eda","twitter_card":"summary_large_image","twitter_creator":"@eurekersbolsa","twitter_site":"@eurekersbolsa","twitter_misc":{"Escrito por":"Helena Garc\u00eda","Tiempo de lectura":"4 minutos"},"schema":{"@context":"https:\/\/schema.org","@graph":[{"@type":"Article","@id":"https:\/\/www.eurekers.com\/cursosbolsa\/elecciones-en-alemania-como-afectara-a-sus-mercados#article","isPartOf":{"@id":"https:\/\/www.eurekers.com\/cursosbolsa\/elecciones-en-alemania-como-afectara-a-sus-mercados"},"author":{"name":"Helena Garc\u00eda","@id":"https:\/\/www.eurekers.com\/cursosbolsa\/#\/schema\/person\/3f69752ea76301fe1d0d03b41cf01ce0"},"headline":"Elecciones en Alemania: \u00bfC\u00f3mo afectar\u00e1 a sus mercados?","datePublished":"2025-02-24T17:16:24+00:00","dateModified":"2026-04-12T14:50:21+00:00","mainEntityOfPage":{"@id":"https:\/\/www.eurekers.com\/cursosbolsa\/elecciones-en-alemania-como-afectara-a-sus-mercados"},"wordCount":787,"commentCount":0,"publisher":{"@id":"https:\/\/www.eurekers.com\/cursosbolsa\/#organization"},"image":{"@id":"https:\/\/www.eurekers.com\/cursosbolsa\/elecciones-en-alemania-como-afectara-a-sus-mercados#primaryimage"},"thumbnailUrl":"https:\/\/www.eurekers.com\/cursosbolsa\/wp-content\/uploads\/2025\/03\/2025-02-25.png","keywords":["inversion","elecciones","mercado","Alemania","CDU"],"articleSection":["Noticias"],"inLanguage":"es","potentialAction":[{"@type":"CommentAction","name":"Comment","target":["https:\/\/www.eurekers.com\/cursosbolsa\/elecciones-en-alemania-como-afectara-a-sus-mercados#respond"]}]},{"@type":"WebPage","@id":"https:\/\/www.eurekers.com\/cursosbolsa\/elecciones-en-alemania-como-afectara-a-sus-mercados","url":"https:\/\/www.eurekers.com\/cursosbolsa\/elecciones-en-alemania-como-afectara-a-sus-mercados","name":"Elecciones en Alemania: \u00bfC\u00f3mo afectar\u00e1 a sus mercados? - Eurekers","isPartOf":{"@id":"https:\/\/www.eurekers.com\/cursosbolsa\/#website"},"primaryImageOfPage":{"@id":"https:\/\/www.eurekers.com\/cursosbolsa\/elecciones-en-alemania-como-afectara-a-sus-mercados#primaryimage"},"image":{"@id":"https:\/\/www.eurekers.com\/cursosbolsa\/elecciones-en-alemania-como-afectara-a-sus-mercados#primaryimage"},"thumbnailUrl":"https:\/\/www.eurekers.com\/cursosbolsa\/wp-content\/uploads\/2025\/03\/2025-02-25.png","datePublished":"2025-02-24T17:16:24+00:00","dateModified":"2026-04-12T14:50:21+00:00","description":"Las elecciones en Alemania se han resuelto con la victoria del CDU y parece avecinarse una gran coalici\u00f3n \u00bfC\u00f3mo afectar\u00e1 a tus inversiones?","breadcrumb":{"@id":"https:\/\/www.eurekers.com\/cursosbolsa\/elecciones-en-alemania-como-afectara-a-sus-mercados#breadcrumb"},"inLanguage":"es","potentialAction":[{"@type":"ReadAction","target":["https:\/\/www.eurekers.com\/cursosbolsa\/elecciones-en-alemania-como-afectara-a-sus-mercados"]}]},{"@type":"ImageObject","inLanguage":"es","@id":"https:\/\/www.eurekers.com\/cursosbolsa\/elecciones-en-alemania-como-afectara-a-sus-mercados#primaryimage","url":"https:\/\/www.eurekers.com\/cursosbolsa\/wp-content\/uploads\/2025\/03\/2025-02-25.png","contentUrl":"https:\/\/www.eurekers.com\/cursosbolsa\/wp-content\/uploads\/2025\/03\/2025-02-25.png","width":726,"height":275,"caption":"Las elecciones en Alemania se han resuelto con la victoria del CDU y parece avecinarse una gran coalici\u00f3n \u00bfC\u00f3mo afectar\u00e1 a tus inversiones?"},{"@type":"BreadcrumbList","@id":"https:\/\/www.eurekers.com\/cursosbolsa\/elecciones-en-alemania-como-afectara-a-sus-mercados#breadcrumb","itemListElement":[{"@type":"ListItem","position":1,"name":"Portada","item":"https:\/\/www.eurekers.com\/cursosbolsa\/"},{"@type":"ListItem","position":2,"name":"Elecciones en Alemania: \u00bfC\u00f3mo afectar\u00e1 a sus mercados?"}]},{"@type":"WebSite","@id":"https:\/\/www.eurekers.com\/cursosbolsa\/#website","url":"https:\/\/www.eurekers.com\/cursosbolsa\/","name":"Blog de Bolsa - Eurekers","description":"Formaci\u00f3n y Comunidad de Bolsa","publisher":{"@id":"https:\/\/www.eurekers.com\/cursosbolsa\/#organization"},"potentialAction":[{"@type":"SearchAction","target":{"@type":"EntryPoint","urlTemplate":"https:\/\/www.eurekers.com\/cursosbolsa\/?s={search_term_string}"},"query-input":{"@type":"PropertyValueSpecification","valueRequired":true,"valueName":"search_term_string"}}],"inLanguage":"es"},{"@type":"Organization","@id":"https:\/\/www.eurekers.com\/cursosbolsa\/#organization","name":"Eurekers.com","url":"https:\/\/www.eurekers.com\/cursosbolsa\/","logo":{"@type":"ImageObject","inLanguage":"es","@id":"https:\/\/www.eurekers.com\/cursosbolsa\/#\/schema\/logo\/image\/","url":"https:\/\/www.eurekers.com\/cursosbolsa\/wp-content\/uploads\/2018\/10\/Anagrama.png","contentUrl":"https:\/\/www.eurekers.com\/cursosbolsa\/wp-content\/uploads\/2018\/10\/Anagrama.png","width":296,"height":274,"caption":"Eurekers.com"},"image":{"@id":"https:\/\/www.eurekers.com\/cursosbolsa\/#\/schema\/logo\/image\/"},"sameAs":["https:\/\/www.facebook.com\/eurekersbolsa","https:\/\/x.com\/eurekersbolsa","https:\/\/www.instagram.com\/eurekers\/"]},{"@type":"Person","@id":"https:\/\/www.eurekers.com\/cursosbolsa\/#\/schema\/person\/3f69752ea76301fe1d0d03b41cf01ce0","name":"Helena Garc\u00eda","image":{"@type":"ImageObject","inLanguage":"es","@id":"https:\/\/www.eurekers.com\/cursosbolsa\/#\/schema\/person\/image\/","url":"https:\/\/secure.gravatar.com\/avatar\/3f24279b7e4dd2fe2ed5cbee73552f0d?s=96&d=wp_user_avatar&r=g","contentUrl":"https:\/\/secure.gravatar.com\/avatar\/3f24279b7e4dd2fe2ed5cbee73552f0d?s=96&d=wp_user_avatar&r=g","caption":"Helena Garc\u00eda"},"url":"https:\/\/www.eurekers.com\/cursosbolsa\/author\/helenagarcia"}]}},"_links":{"self":[{"href":"https:\/\/www.eurekers.com\/cursosbolsa\/wp-json\/wp\/v2\/posts\/106282"}],"collection":[{"href":"https:\/\/www.eurekers.com\/cursosbolsa\/wp-json\/wp\/v2\/posts"}],"about":[{"href":"https:\/\/www.eurekers.com\/cursosbolsa\/wp-json\/wp\/v2\/types\/post"}],"author":[{"embeddable":true,"href":"https:\/\/www.eurekers.com\/cursosbolsa\/wp-json\/wp\/v2\/users\/17"}],"replies":[{"embeddable":true,"href":"https:\/\/www.eurekers.com\/cursosbolsa\/wp-json\/wp\/v2\/comments?post=106282"}],"version-history":[{"count":1,"href":"https:\/\/www.eurekers.com\/cursosbolsa\/wp-json\/wp\/v2\/posts\/106282\/revisions"}],"predecessor-version":[{"id":106286,"href":"https:\/\/www.eurekers.com\/cursosbolsa\/wp-json\/wp\/v2\/posts\/106282\/revisions\/106286"}],"wp:featuredmedia":[{"embeddable":true,"href":"https:\/\/www.eurekers.com\/cursosbolsa\/wp-json\/wp\/v2\/media\/106283"}],"wp:attachment":[{"href":"https:\/\/www.eurekers.com\/cursosbolsa\/wp-json\/wp\/v2\/media?parent=106282"}],"wp:term":[{"taxonomy":"category","embeddable":true,"href":"https:\/\/www.eurekers.com\/cursosbolsa\/wp-json\/wp\/v2\/categories?post=106282"},{"taxonomy":"post_tag","embeddable":true,"href":"https:\/\/www.eurekers.com\/cursosbolsa\/wp-json\/wp\/v2\/tags?post=106282"}],"curies":[{"name":"wp","href":"https:\/\/api.w.org\/{rel}","templated":true}]}}