{"id":106130,"date":"2024-11-20T19:25:09","date_gmt":"2024-11-20T19:25:09","guid":{"rendered":"https:\/\/www.eurekers.com\/cursosbolsa\/?p=106130"},"modified":"2026-04-12T14:50:30","modified_gmt":"2026-04-12T14:50:30","slug":"alerta-jubilados-2025","status":"publish","type":"post","link":"https:\/\/www.eurekers.com\/cursosbolsa\/alerta-jubilados-2025","title":{"rendered":"Alerta jubilados 2025"},"content":{"rendered":"<p dir=\"ltr\">La <strong>reducci\u00f3n de pensiones<\/strong> sobre la que hemos hablando desde medios como nuestro blog. Y es que <strong>su insostenibilidad en los t\u00e9rminos actuales reclama una acuciante reforma que disminuya las prestaciones de los jubilados<\/strong>, <strong>que va a llegar este 2025<\/strong>. Lo har\u00e1, algo as\u00ed como <strong><a href=\"https:\/\/es.wikipedia.org\/wiki\/Javier_Milei\">Javier Milei<\/a><\/strong>, presidente de Argentina, llama la licuadora. O dicho de otro modo: si no podemos tocar las pensiones actuales porque estallar\u00eda una crisis social, lo haremos con las pensiones futuras paulatinamente. <strong>As\u00ed lo auspici\u00f3 el ejecutivo anterior<\/strong>.<\/p>\n<h2 dir=\"ltr\">\u00bfC\u00f3mo ser\u00e1n las nuevas condiciones de jubilaci\u00f3n a partir de 2025?<\/h2>\n<p dir=\"ltr\">A partir del 1 de enero de 2025, <strong>todos los ciudadanos que quieran jubilarse con el 100% de la pensi\u00f3n posible<\/strong>, <strong>habr\u00e1 de cumplir con dos requisitos<\/strong>:<\/p>\n<ol>\n<li dir=\"ltr\">En primer lugar, <strong>llevar cotizados un m\u00ednimo de 38 a\u00f1os y 3 meses a la Seguridad Social<\/strong>, siendo la base reguladora de la pensi\u00f3n los \u00faltimos 25 a\u00f1os cotizados. Este cambio es mucho m\u00e1s reciente, porque hasta hace apenas un par de a\u00f1os, eran 15 a\u00f1os de cotizaci\u00f3n. De este modo se puede obtener una <strong>pensi\u00f3n media m\u00e1s baja<\/strong>.<\/li>\n<li dir=\"ltr\">Y en segundo, desde la reforma que tuvo lugar en 2013, a partir del a\u00f1o que viene,<strong> un trabajador podr\u00e1 pasar a ser parte de la poblaci\u00f3n jubilada a partir de la edad de 66 a\u00f1os y 8 meses<\/strong>. Un proceso que culminar\u00e1 en 2027, con la edad de 67 a\u00f1os como nueva edad de jubilaci\u00f3n -con el 100% de la pensi\u00f3n- en Espa\u00f1a.<\/li>\n<\/ol>\n<p dir=\"ltr\">Estos cambios en el famoso contrato social, ponen de manifiesto una verdad a la que nadie quiere desvelar: la imposibilidad de atender las promesas realizadas en materia de pensiones a las pr\u00f3ximas generaciones que se vayan jubilando.<\/p>\n<h2 dir=\"ltr\">Una descapitalizaci\u00f3n lenta, pero a paso firme<\/h2>\n<p dir=\"ltr\">De esta forma, a lo largo de los pr\u00f3ximos a\u00f1os, iremos pasando por un proceso de\u00a0reestructuraci\u00f3n y reformas, cuya \u00fanica finalidad ser\u00e1\u00a0aumentar las contribuciones sociales de los trabajadores\u00a0(los <strong><a href=\"https:\/\/www.eurekers.com\/cursosbolsa\/que-son-los-impuestos-tipos-quien-paga-y-por-que\">impuestos<\/a><\/strong> al trabajo o cotizaciones), y reducir la carga de las pensiones futuras\u00a0(lo que cobren los futuros pensionistas). Es decir, pagaremos m\u00e1s, para tener en el futuro una pensi\u00f3n menor.<\/p>\n<p dir=\"ltr\">Por eso, <strong>ahora es m\u00e1s importante que nunca tener un plan alternativo de ahorro y patrimonializaci\u00f3n<\/strong>, sea v\u00eda <strong><a href=\"https:\/\/www.eurekers.com\/cursosbolsa\/que-son-los-bienes-raices-real-state\">inmobiliario<\/a><\/strong>,<strong> <a href=\"https:\/\/www.eurekers.com\/cursosbolsa\/materias-primas-que-es-el-oro-definicion-e-inversion\">oro<\/a><\/strong> o <strong><a href=\"https:\/\/www.eurekers.com\/cursosbolsa\/como-invertir-en-bitcoin-de-forma-segura-en-espana\">Bitcoin<\/a><\/strong>, o <strong><a href=\"https:\/\/online.eurekers.com\/\">inversi\u00f3n en bolsa<\/a><\/strong>.\u00a0Al fin y al cabo, las personas que est\u00e9n pr\u00f3ximas a jubilarse el a\u00f1o que viene, tal vez a\u00fan se libren. Pero aquellos que a\u00fan les queden 15, 20 o m\u00e1s a\u00f1os, ir\u00e1n viendo c\u00f3mo poco a poco les ir\u00e1n reduciendo sus derechos a prestaciones futuras, y que al mismo tiempo tendr\u00e1n que ir pagando m\u00e1s.<\/p>\n","protected":false},"excerpt":{"rendered":"<p>Como modificar las pensiones actuales genera alarma social, el ejecutivo previo redujo las pensiones futuras&#8230; Desde 2025. Te lo contamos.<\/p>\n","protected":false},"author":17,"featured_media":106131,"comment_status":"open","ping_status":"open","sticky":false,"template":"","format":"standard","meta":{"_joinchat":[],"footnotes":""},"categories":[107],"tags":[150,290,379,606],"class_list":["post-106130","post","type-post","status-publish","format-standard","has-post-thumbnail","hentry","category-noticias","tag-economia","tag-pensiones","tag-espana","tag-reduccion"],"yoast_head":"<!-- This site is optimized with the Yoast SEO plugin v25.5 - https:\/\/yoast.com\/wordpress\/plugins\/seo\/ -->\n<title>Alerta jubilados 2025 - Eurekers<\/title>\n<meta name=\"description\" content=\"Como modificar las pensiones actuales genera alarma social, el ejecutivo previo redujo las pensiones futuras... Desde 2025. Te lo contamos.\" \/>\n<meta name=\"robots\" content=\"index, follow, max-snippet:-1, max-image-preview:large, max-video-preview:-1\" \/>\n<link rel=\"canonical\" href=\"https:\/\/www.eurekers.com\/cursosbolsa\/alerta-jubilados-2025\" \/>\n<meta property=\"og:locale\" content=\"es_ES\" \/>\n<meta property=\"og:type\" content=\"article\" \/>\n<meta property=\"og:title\" content=\"Alerta jubilados 2025 - Eurekers\" \/>\n<meta property=\"og:description\" content=\"Como modificar las pensiones actuales genera alarma social, el ejecutivo previo redujo las pensiones futuras... Desde 2025. Te lo contamos.\" \/>\n<meta property=\"og:url\" content=\"https:\/\/www.eurekers.com\/cursosbolsa\/alerta-jubilados-2025\" \/>\n<meta property=\"og:site_name\" content=\"Blog de Bolsa - Eurekers\" \/>\n<meta property=\"article:publisher\" content=\"https:\/\/www.facebook.com\/eurekersbolsa\" \/>\n<meta property=\"article:published_time\" content=\"2024-11-20T19:25:09+00:00\" \/>\n<meta property=\"article:modified_time\" content=\"2026-04-12T14:50:30+00:00\" \/>\n<meta property=\"og:image\" content=\"https:\/\/www.eurekers.com\/cursosbolsa\/wp-content\/uploads\/2024\/11\/2024-11-26_pensiones.png\" \/>\n\t<meta property=\"og:image:width\" content=\"726\" \/>\n\t<meta property=\"og:image:height\" content=\"275\" \/>\n\t<meta property=\"og:image:type\" content=\"image\/png\" \/>\n<meta name=\"author\" content=\"Helena Garc\u00eda\" \/>\n<meta name=\"twitter:card\" content=\"summary_large_image\" \/>\n<meta name=\"twitter:creator\" content=\"@eurekersbolsa\" \/>\n<meta name=\"twitter:site\" content=\"@eurekersbolsa\" \/>\n<meta name=\"twitter:label1\" content=\"Escrito por\" \/>\n\t<meta name=\"twitter:data1\" content=\"Helena Garc\u00eda\" \/>\n\t<meta name=\"twitter:label2\" content=\"Tiempo de lectura\" \/>\n\t<meta name=\"twitter:data2\" content=\"2 minutos\" \/>\n<script type=\"application\/ld+json\" class=\"yoast-schema-graph\">{\"@context\":\"https:\/\/schema.org\",\"@graph\":[{\"@type\":\"Article\",\"@id\":\"https:\/\/www.eurekers.com\/cursosbolsa\/alerta-jubilados-2025#article\",\"isPartOf\":{\"@id\":\"https:\/\/www.eurekers.com\/cursosbolsa\/alerta-jubilados-2025\"},\"author\":{\"name\":\"Helena Garc\u00eda\",\"@id\":\"https:\/\/www.eurekers.com\/cursosbolsa\/#\/schema\/person\/3f69752ea76301fe1d0d03b41cf01ce0\"},\"headline\":\"Alerta jubilados 2025\",\"datePublished\":\"2024-11-20T19:25:09+00:00\",\"dateModified\":\"2026-04-12T14:50:30+00:00\",\"mainEntityOfPage\":{\"@id\":\"https:\/\/www.eurekers.com\/cursosbolsa\/alerta-jubilados-2025\"},\"wordCount\":464,\"commentCount\":0,\"publisher\":{\"@id\":\"https:\/\/www.eurekers.com\/cursosbolsa\/#organization\"},\"image\":{\"@id\":\"https:\/\/www.eurekers.com\/cursosbolsa\/alerta-jubilados-2025#primaryimage\"},\"thumbnailUrl\":\"https:\/\/www.eurekers.com\/cursosbolsa\/wp-content\/uploads\/2024\/11\/2024-11-26_pensiones.png\",\"keywords\":[\"econom\u00eda\",\"pensiones\",\"Espa\u00f1a\",\"reducci\u00f3n\"],\"articleSection\":[\"Noticias\"],\"inLanguage\":\"es\",\"potentialAction\":[{\"@type\":\"CommentAction\",\"name\":\"Comment\",\"target\":[\"https:\/\/www.eurekers.com\/cursosbolsa\/alerta-jubilados-2025#respond\"]}]},{\"@type\":\"WebPage\",\"@id\":\"https:\/\/www.eurekers.com\/cursosbolsa\/alerta-jubilados-2025\",\"url\":\"https:\/\/www.eurekers.com\/cursosbolsa\/alerta-jubilados-2025\",\"name\":\"Alerta jubilados 2025 - Eurekers\",\"isPartOf\":{\"@id\":\"https:\/\/www.eurekers.com\/cursosbolsa\/#website\"},\"primaryImageOfPage\":{\"@id\":\"https:\/\/www.eurekers.com\/cursosbolsa\/alerta-jubilados-2025#primaryimage\"},\"image\":{\"@id\":\"https:\/\/www.eurekers.com\/cursosbolsa\/alerta-jubilados-2025#primaryimage\"},\"thumbnailUrl\":\"https:\/\/www.eurekers.com\/cursosbolsa\/wp-content\/uploads\/2024\/11\/2024-11-26_pensiones.png\",\"datePublished\":\"2024-11-20T19:25:09+00:00\",\"dateModified\":\"2026-04-12T14:50:30+00:00\",\"description\":\"Como modificar las pensiones actuales genera alarma social, el ejecutivo previo redujo las pensiones futuras... Desde 2025. Te lo contamos.\",\"breadcrumb\":{\"@id\":\"https:\/\/www.eurekers.com\/cursosbolsa\/alerta-jubilados-2025#breadcrumb\"},\"inLanguage\":\"es\",\"potentialAction\":[{\"@type\":\"ReadAction\",\"target\":[\"https:\/\/www.eurekers.com\/cursosbolsa\/alerta-jubilados-2025\"]}]},{\"@type\":\"ImageObject\",\"inLanguage\":\"es\",\"@id\":\"https:\/\/www.eurekers.com\/cursosbolsa\/alerta-jubilados-2025#primaryimage\",\"url\":\"https:\/\/www.eurekers.com\/cursosbolsa\/wp-content\/uploads\/2024\/11\/2024-11-26_pensiones.png\",\"contentUrl\":\"https:\/\/www.eurekers.com\/cursosbolsa\/wp-content\/uploads\/2024\/11\/2024-11-26_pensiones.png\",\"width\":726,\"height\":275,\"caption\":\"Como modificar las pensiones actuales genera alarma social, el ejecutivo previo redujo las pensiones futuras... Desde 2025. Te lo contamos.\"},{\"@type\":\"BreadcrumbList\",\"@id\":\"https:\/\/www.eurekers.com\/cursosbolsa\/alerta-jubilados-2025#breadcrumb\",\"itemListElement\":[{\"@type\":\"ListItem\",\"position\":1,\"name\":\"Portada\",\"item\":\"https:\/\/www.eurekers.com\/cursosbolsa\/\"},{\"@type\":\"ListItem\",\"position\":2,\"name\":\"Alerta jubilados 2025\"}]},{\"@type\":\"WebSite\",\"@id\":\"https:\/\/www.eurekers.com\/cursosbolsa\/#website\",\"url\":\"https:\/\/www.eurekers.com\/cursosbolsa\/\",\"name\":\"Blog de Bolsa - Eurekers\",\"description\":\"Formaci\u00f3n y Comunidad de Bolsa\",\"publisher\":{\"@id\":\"https:\/\/www.eurekers.com\/cursosbolsa\/#organization\"},\"potentialAction\":[{\"@type\":\"SearchAction\",\"target\":{\"@type\":\"EntryPoint\",\"urlTemplate\":\"https:\/\/www.eurekers.com\/cursosbolsa\/?s={search_term_string}\"},\"query-input\":{\"@type\":\"PropertyValueSpecification\",\"valueRequired\":true,\"valueName\":\"search_term_string\"}}],\"inLanguage\":\"es\"},{\"@type\":\"Organization\",\"@id\":\"https:\/\/www.eurekers.com\/cursosbolsa\/#organization\",\"name\":\"Eurekers.com\",\"url\":\"https:\/\/www.eurekers.com\/cursosbolsa\/\",\"logo\":{\"@type\":\"ImageObject\",\"inLanguage\":\"es\",\"@id\":\"https:\/\/www.eurekers.com\/cursosbolsa\/#\/schema\/logo\/image\/\",\"url\":\"https:\/\/www.eurekers.com\/cursosbolsa\/wp-content\/uploads\/2018\/10\/Anagrama.png\",\"contentUrl\":\"https:\/\/www.eurekers.com\/cursosbolsa\/wp-content\/uploads\/2018\/10\/Anagrama.png\",\"width\":296,\"height\":274,\"caption\":\"Eurekers.com\"},\"image\":{\"@id\":\"https:\/\/www.eurekers.com\/cursosbolsa\/#\/schema\/logo\/image\/\"},\"sameAs\":[\"https:\/\/www.facebook.com\/eurekersbolsa\",\"https:\/\/x.com\/eurekersbolsa\",\"https:\/\/www.instagram.com\/eurekers\/\"]},{\"@type\":\"Person\",\"@id\":\"https:\/\/www.eurekers.com\/cursosbolsa\/#\/schema\/person\/3f69752ea76301fe1d0d03b41cf01ce0\",\"name\":\"Helena Garc\u00eda\",\"image\":{\"@type\":\"ImageObject\",\"inLanguage\":\"es\",\"@id\":\"https:\/\/www.eurekers.com\/cursosbolsa\/#\/schema\/person\/image\/\",\"url\":\"https:\/\/secure.gravatar.com\/avatar\/3f24279b7e4dd2fe2ed5cbee73552f0d?s=96&d=wp_user_avatar&r=g\",\"contentUrl\":\"https:\/\/secure.gravatar.com\/avatar\/3f24279b7e4dd2fe2ed5cbee73552f0d?s=96&d=wp_user_avatar&r=g\",\"caption\":\"Helena Garc\u00eda\"},\"url\":\"https:\/\/www.eurekers.com\/cursosbolsa\/author\/helenagarcia\"}]}<\/script>\n<!-- \/ Yoast SEO plugin. -->","yoast_head_json":{"title":"Alerta jubilados 2025 - Eurekers","description":"Como modificar las pensiones actuales genera alarma social, el ejecutivo previo redujo las pensiones futuras... Desde 2025. Te lo contamos.","robots":{"index":"index","follow":"follow","max-snippet":"max-snippet:-1","max-image-preview":"max-image-preview:large","max-video-preview":"max-video-preview:-1"},"canonical":"https:\/\/www.eurekers.com\/cursosbolsa\/alerta-jubilados-2025","og_locale":"es_ES","og_type":"article","og_title":"Alerta jubilados 2025 - Eurekers","og_description":"Como modificar las pensiones actuales genera alarma social, el ejecutivo previo redujo las pensiones futuras... Desde 2025. Te lo contamos.","og_url":"https:\/\/www.eurekers.com\/cursosbolsa\/alerta-jubilados-2025","og_site_name":"Blog de Bolsa - Eurekers","article_publisher":"https:\/\/www.facebook.com\/eurekersbolsa","article_published_time":"2024-11-20T19:25:09+00:00","article_modified_time":"2026-04-12T14:50:30+00:00","og_image":[{"width":726,"height":275,"url":"https:\/\/www.eurekers.com\/cursosbolsa\/wp-content\/uploads\/2024\/11\/2024-11-26_pensiones.png","type":"image\/png"}],"author":"Helena Garc\u00eda","twitter_card":"summary_large_image","twitter_creator":"@eurekersbolsa","twitter_site":"@eurekersbolsa","twitter_misc":{"Escrito por":"Helena Garc\u00eda","Tiempo de lectura":"2 minutos"},"schema":{"@context":"https:\/\/schema.org","@graph":[{"@type":"Article","@id":"https:\/\/www.eurekers.com\/cursosbolsa\/alerta-jubilados-2025#article","isPartOf":{"@id":"https:\/\/www.eurekers.com\/cursosbolsa\/alerta-jubilados-2025"},"author":{"name":"Helena Garc\u00eda","@id":"https:\/\/www.eurekers.com\/cursosbolsa\/#\/schema\/person\/3f69752ea76301fe1d0d03b41cf01ce0"},"headline":"Alerta jubilados 2025","datePublished":"2024-11-20T19:25:09+00:00","dateModified":"2026-04-12T14:50:30+00:00","mainEntityOfPage":{"@id":"https:\/\/www.eurekers.com\/cursosbolsa\/alerta-jubilados-2025"},"wordCount":464,"commentCount":0,"publisher":{"@id":"https:\/\/www.eurekers.com\/cursosbolsa\/#organization"},"image":{"@id":"https:\/\/www.eurekers.com\/cursosbolsa\/alerta-jubilados-2025#primaryimage"},"thumbnailUrl":"https:\/\/www.eurekers.com\/cursosbolsa\/wp-content\/uploads\/2024\/11\/2024-11-26_pensiones.png","keywords":["econom\u00eda","pensiones","Espa\u00f1a","reducci\u00f3n"],"articleSection":["Noticias"],"inLanguage":"es","potentialAction":[{"@type":"CommentAction","name":"Comment","target":["https:\/\/www.eurekers.com\/cursosbolsa\/alerta-jubilados-2025#respond"]}]},{"@type":"WebPage","@id":"https:\/\/www.eurekers.com\/cursosbolsa\/alerta-jubilados-2025","url":"https:\/\/www.eurekers.com\/cursosbolsa\/alerta-jubilados-2025","name":"Alerta jubilados 2025 - Eurekers","isPartOf":{"@id":"https:\/\/www.eurekers.com\/cursosbolsa\/#website"},"primaryImageOfPage":{"@id":"https:\/\/www.eurekers.com\/cursosbolsa\/alerta-jubilados-2025#primaryimage"},"image":{"@id":"https:\/\/www.eurekers.com\/cursosbolsa\/alerta-jubilados-2025#primaryimage"},"thumbnailUrl":"https:\/\/www.eurekers.com\/cursosbolsa\/wp-content\/uploads\/2024\/11\/2024-11-26_pensiones.png","datePublished":"2024-11-20T19:25:09+00:00","dateModified":"2026-04-12T14:50:30+00:00","description":"Como modificar las pensiones actuales genera alarma social, el ejecutivo previo redujo las pensiones futuras... Desde 2025. Te lo contamos.","breadcrumb":{"@id":"https:\/\/www.eurekers.com\/cursosbolsa\/alerta-jubilados-2025#breadcrumb"},"inLanguage":"es","potentialAction":[{"@type":"ReadAction","target":["https:\/\/www.eurekers.com\/cursosbolsa\/alerta-jubilados-2025"]}]},{"@type":"ImageObject","inLanguage":"es","@id":"https:\/\/www.eurekers.com\/cursosbolsa\/alerta-jubilados-2025#primaryimage","url":"https:\/\/www.eurekers.com\/cursosbolsa\/wp-content\/uploads\/2024\/11\/2024-11-26_pensiones.png","contentUrl":"https:\/\/www.eurekers.com\/cursosbolsa\/wp-content\/uploads\/2024\/11\/2024-11-26_pensiones.png","width":726,"height":275,"caption":"Como modificar las pensiones actuales genera alarma social, el ejecutivo previo redujo las pensiones futuras... Desde 2025. Te lo contamos."},{"@type":"BreadcrumbList","@id":"https:\/\/www.eurekers.com\/cursosbolsa\/alerta-jubilados-2025#breadcrumb","itemListElement":[{"@type":"ListItem","position":1,"name":"Portada","item":"https:\/\/www.eurekers.com\/cursosbolsa\/"},{"@type":"ListItem","position":2,"name":"Alerta jubilados 2025"}]},{"@type":"WebSite","@id":"https:\/\/www.eurekers.com\/cursosbolsa\/#website","url":"https:\/\/www.eurekers.com\/cursosbolsa\/","name":"Blog de Bolsa - Eurekers","description":"Formaci\u00f3n y Comunidad de Bolsa","publisher":{"@id":"https:\/\/www.eurekers.com\/cursosbolsa\/#organization"},"potentialAction":[{"@type":"SearchAction","target":{"@type":"EntryPoint","urlTemplate":"https:\/\/www.eurekers.com\/cursosbolsa\/?s={search_term_string}"},"query-input":{"@type":"PropertyValueSpecification","valueRequired":true,"valueName":"search_term_string"}}],"inLanguage":"es"},{"@type":"Organization","@id":"https:\/\/www.eurekers.com\/cursosbolsa\/#organization","name":"Eurekers.com","url":"https:\/\/www.eurekers.com\/cursosbolsa\/","logo":{"@type":"ImageObject","inLanguage":"es","@id":"https:\/\/www.eurekers.com\/cursosbolsa\/#\/schema\/logo\/image\/","url":"https:\/\/www.eurekers.com\/cursosbolsa\/wp-content\/uploads\/2018\/10\/Anagrama.png","contentUrl":"https:\/\/www.eurekers.com\/cursosbolsa\/wp-content\/uploads\/2018\/10\/Anagrama.png","width":296,"height":274,"caption":"Eurekers.com"},"image":{"@id":"https:\/\/www.eurekers.com\/cursosbolsa\/#\/schema\/logo\/image\/"},"sameAs":["https:\/\/www.facebook.com\/eurekersbolsa","https:\/\/x.com\/eurekersbolsa","https:\/\/www.instagram.com\/eurekers\/"]},{"@type":"Person","@id":"https:\/\/www.eurekers.com\/cursosbolsa\/#\/schema\/person\/3f69752ea76301fe1d0d03b41cf01ce0","name":"Helena Garc\u00eda","image":{"@type":"ImageObject","inLanguage":"es","@id":"https:\/\/www.eurekers.com\/cursosbolsa\/#\/schema\/person\/image\/","url":"https:\/\/secure.gravatar.com\/avatar\/3f24279b7e4dd2fe2ed5cbee73552f0d?s=96&d=wp_user_avatar&r=g","contentUrl":"https:\/\/secure.gravatar.com\/avatar\/3f24279b7e4dd2fe2ed5cbee73552f0d?s=96&d=wp_user_avatar&r=g","caption":"Helena Garc\u00eda"},"url":"https:\/\/www.eurekers.com\/cursosbolsa\/author\/helenagarcia"}]}},"_links":{"self":[{"href":"https:\/\/www.eurekers.com\/cursosbolsa\/wp-json\/wp\/v2\/posts\/106130"}],"collection":[{"href":"https:\/\/www.eurekers.com\/cursosbolsa\/wp-json\/wp\/v2\/posts"}],"about":[{"href":"https:\/\/www.eurekers.com\/cursosbolsa\/wp-json\/wp\/v2\/types\/post"}],"author":[{"embeddable":true,"href":"https:\/\/www.eurekers.com\/cursosbolsa\/wp-json\/wp\/v2\/users\/17"}],"replies":[{"embeddable":true,"href":"https:\/\/www.eurekers.com\/cursosbolsa\/wp-json\/wp\/v2\/comments?post=106130"}],"version-history":[{"count":2,"href":"https:\/\/www.eurekers.com\/cursosbolsa\/wp-json\/wp\/v2\/posts\/106130\/revisions"}],"predecessor-version":[{"id":106504,"href":"https:\/\/www.eurekers.com\/cursosbolsa\/wp-json\/wp\/v2\/posts\/106130\/revisions\/106504"}],"wp:featuredmedia":[{"embeddable":true,"href":"https:\/\/www.eurekers.com\/cursosbolsa\/wp-json\/wp\/v2\/media\/106131"}],"wp:attachment":[{"href":"https:\/\/www.eurekers.com\/cursosbolsa\/wp-json\/wp\/v2\/media?parent=106130"}],"wp:term":[{"taxonomy":"category","embeddable":true,"href":"https:\/\/www.eurekers.com\/cursosbolsa\/wp-json\/wp\/v2\/categories?post=106130"},{"taxonomy":"post_tag","embeddable":true,"href":"https:\/\/www.eurekers.com\/cursosbolsa\/wp-json\/wp\/v2\/tags?post=106130"}],"curies":[{"name":"wp","href":"https:\/\/api.w.org\/{rel}","templated":true}]}}