{"id":105859,"date":"2024-05-28T17:09:09","date_gmt":"2024-05-28T17:09:09","guid":{"rendered":"https:\/\/www.eurekers.com\/cursosbolsa\/?p=105859"},"modified":"2026-04-12T14:50:39","modified_gmt":"2026-04-12T14:50:39","slug":"bajada-de-tipos-en-el-horizonte","status":"publish","type":"post","link":"https:\/\/www.eurekers.com\/cursosbolsa\/bajada-de-tipos-en-el-horizonte","title":{"rendered":"\u00bfBajada de tipos en el horizonte?"},"content":{"rendered":"<p dir=\"ltr\">El pr\u00f3ximo jueves 06 de junio, <strong><a href=\"https:\/\/es.wikipedia.org\/wiki\/Christine_Lagarde\">Christine Lagarde<\/a><\/strong>, Presidenta del <strong><a href=\"https:\/\/www.ecb.europa.eu\/ecb\/html\/index.es.html\">Banco Central Europeo<\/a><\/strong> (<strong><a href=\"https:\/\/www.eurekers.com\/cursosbolsa\/que-es-el-banco-central-europeo-bce\">BCE<\/a><\/strong>) podr\u00eda anunciar, lo que buena parte de los <strong><a href=\"https:\/\/www.eurekers.com\/cursosbolsa\/que-es-el-mercado-y-que-tipos-de-mercados-existen\">mercados<\/a><\/strong> ya est\u00e1n descontando:\u00a0la primera reducci\u00f3n de <strong><a href=\"https:\/\/www.eurekers.com\/cursosbolsa\/que-es-el-tipo-de-interes\">tipos de inter\u00e9s<\/a><\/strong> en 0,25 puntos. Esta medida, de confirmarse, marcar\u00eda la primera vez que\u00a0el BCE baja los tipos de inter\u00e9s antes que la Reserva Federal de Estados Unidos (<strong><a href=\"https:\/\/www.eurekers.com\/cursosbolsa\/que-es-la-reserva-federal\">FED<\/a><\/strong>), se\u00f1alando un cambio significativo en la <strong><a href=\"https:\/\/www.eurekers.com\/cursosbolsa\/politica-monetaria-como-afecta-a-tus-inversiones\">pol\u00edtica monetaria<\/a><\/strong> global.<\/p>\n<h2 dir=\"ltr\">Razones posibles detr\u00e1s de la bajada de tipos<\/h2>\n<p dir=\"ltr\">Y es que, dos son los factores principales est\u00e1n impulsando esta <strong><a href=\"https:\/\/www.eurekers.com\/cursosbolsa\/bajadas-de-tipos-de-interes-a-la-vista\">potencial bajada de tipos por parte del BCE<\/a><\/strong>:<\/p>\n<ol>\n<li dir=\"ltr\">\n<p dir=\"ltr\" role=\"presentation\"><strong><a href=\"https:\/\/www.eurekers.com\/cursosbolsa\/que-es-la-inflacion-y-por-que-se-produce\">Inflaci\u00f3n<\/a><\/strong> controlada en la <strong><a href=\"https:\/\/www.eurekers.com\/cursosbolsa\/que-es-el-banco-central-europeo-bce#La_eurozona_paises_cuya_moneda_oficial_es_el_euro\">eurozona<\/a><\/strong>: a diferencia de Estados Unidos, donde la inflaci\u00f3n sigue siendo una preocupaci\u00f3n significativa, ya que no termina de bajar del entorno del 3,5%, la Eurozona ha logrado encauzar la inflaci\u00f3n de manera m\u00e1s efectiva. De hecho, <strong>en Europa cerr\u00f3 el mes pasado en el 2,4%, ya muy cerca del ansiado techo m\u00e1ximo del 2%<\/strong> -en Espa\u00f1a, todav\u00eda est\u00e1 en el 3,3%- En cualquier caso, esto proporcionar\u00eda al BCE mayor margen de maniobra para reducir los tipos de inter\u00e9s, sin el riesgo de desestabilizar los <strong><a href=\"https:\/\/www.eurekers.com\/cursosbolsa\/que-es-el-precio-y-que-normas-sigue\">precios<\/a><\/strong>.<\/p>\n<\/li>\n<li dir=\"ltr\"><a href=\"https:\/\/www.eurekers.com\/cursosbolsa\/alemania-entra-en-recesion\"><strong>Recesi\u00f3n t\u00e9cnica en Alemania<\/strong><\/a>: Al mismo tiempo, <strong>Alemania<\/strong>, la econom\u00eda m\u00e1s grande de Europa, <strong>se encuentra en<\/strong> <strong><a href=\"https:\/\/www.eurekers.com\/cursosbolsa\/que-es-una-recesion\">recesi\u00f3n t\u00e9cnica<\/a><\/strong>, tras dos trimestres seguidos de contracci\u00f3n econ\u00f3mica, y con su \u201cactividad paralizada\u00bb, seg\u00fan el Instituto Alem\u00e1n <strong><a href=\"https:\/\/www.ifo.de\/en\">IFO<\/a><\/strong>. Esta situaci\u00f3n,\u00a0 podr\u00eda estar ejerciendo una mayor presi\u00f3n considerable sobre el BCE para que adopte medidas que estimulen el crecimiento econ\u00f3mico en la regi\u00f3n.<\/li>\n<\/ol>\n<p dir=\"ltr\">A lo que habr\u00eda que a\u00f1adir una\u00a0tasa de paro, por encima del 6%,\u00a0algo realmente ins\u00f3lito en la econom\u00eda teutona.<\/p>\n<h2 dir=\"ltr\">Impacto en los Eurobonos<\/h2>\n<p dir=\"ltr\">As\u00ed pues, la bajada de los tipos de inter\u00e9s por parte del BCE probablemente tendr\u00eda un efecto significativo en el mercado de eurobonos.<\/p>\n<p dir=\"ltr\">Por lo que de producirse la primera bajada de tipos de inter\u00e9s, deber\u00edamos esperar un aumento en los precios de los bonos en el mercado secundario, ya que los <strong><a href=\"https:\/\/www.eurekers.com\/cursosbolsa\/que-es-un-inversor-que-hace-y-que-tipos-hay\">inversores<\/a><\/strong> buscar\u00edan aprovechar los rendimientos relativamente m\u00e1s altos de los bonos existentes.<\/p>\n<h2 dir=\"ltr\">Efecto en el Par EUR\/USD<\/h2>\n<p dir=\"ltr\">Por otro lado, en lo que respecta al <strong><a href=\"https:\/\/www.eurekers.com\/cursosbolsa\/paridad-euro-dolar\">par EUR\/USD<\/a><\/strong>, <strong>la decisi\u00f3n del BCE podr\u00eda llevar a una depreciaci\u00f3n del euro frente al <a href=\"https:\/\/www.eurekers.com\/cursosbolsa\/que-significan-las-siglas-usd-dolar-estadounidense\">d\u00f3lar estadounidense<\/a><\/strong>. O dicho de otro modo, la reducci\u00f3n de los tipos de inter\u00e9s tender\u00eda a hacer que el euro se volviera m\u00e1s d\u00e9bil frente al d\u00f3lar, ya que <strong>los inversores preferir\u00edan invertir en d\u00f3lares<\/strong>, debido a los mayores rendimientos relativos.<\/p>\n<p dir=\"ltr\">Por lo que si finalmente el BCE reduce los tipos antes que la FED, <strong>es probable que veamos una presi\u00f3n bajista sobre el euro<\/strong>, <strong>especialmente si la FED mantiene una pol\u00edtica monetaria m\u00e1s restrictiva<\/strong>. En otras palabras, asistir\u00edamos una ca\u00edda en el par EUR\/USD. No obstante, <strong>esto no deber\u00eda ser visto como algo necesariamente negativo<\/strong>, ya que\u00a0 un euro m\u00e1s d\u00e9bil podr\u00eda beneficiar a las exportaciones europeas, haciendo que los productos de la Eurozona sean m\u00e1s competitivos en los mercados internacionales -algo que en estos momentos Alemania necesita como agua de mayo-. En cualquier caso, 15 d\u00edas despu\u00e9s la FED tambi\u00e9n dar\u00e1 su comunicado respecto a la situaci\u00f3n de los tipos de inter\u00e9s en EEUU, por lo que <strong>habr\u00e1 que estar atentos a c\u00f3mo evolucionan las noticias econ\u00f3micas<\/strong>.<\/p>\n","protected":false},"excerpt":{"rendered":"<p>Las expectativas son enormes, hay una gran esperanza en que el 6 de junio  Christine Lagarde por fin de la noticia de la bajada de tipos.<\/p>\n","protected":false},"author":17,"featured_media":105860,"comment_status":"open","ping_status":"open","sticky":false,"template":"","format":"standard","meta":{"_joinchat":[],"footnotes":""},"categories":[107],"tags":[105,150,336,353,679],"class_list":["post-105859","post","type-post","status-publish","format-standard","has-post-thumbnail","hentry","category-noticias","tag-inflacion","tag-economia","tag-tipos-de-interes","tag-ue","tag-bce"],"yoast_head":"<!-- This site is optimized with the Yoast SEO plugin v25.5 - https:\/\/yoast.com\/wordpress\/plugins\/seo\/ -->\n<title>\u00bfBajada de tipos en el horizonte? - Eurekers<\/title>\n<meta name=\"description\" content=\"Las expectativas son enormes, hay una gran esperanza en que el 6 de junio Christine Lagarde por fin de la noticia de la bajada de tipos.\" \/>\n<meta name=\"robots\" content=\"index, follow, max-snippet:-1, max-image-preview:large, max-video-preview:-1\" \/>\n<link rel=\"canonical\" href=\"https:\/\/www.eurekers.com\/cursosbolsa\/bajada-de-tipos-en-el-horizonte\" \/>\n<meta property=\"og:locale\" content=\"es_ES\" \/>\n<meta property=\"og:type\" content=\"article\" \/>\n<meta property=\"og:title\" content=\"\u00bfBajada de tipos en el horizonte? - Eurekers\" \/>\n<meta property=\"og:description\" content=\"Las expectativas son enormes, hay una gran esperanza en que el 6 de junio Christine Lagarde por fin de la noticia de la bajada de tipos.\" \/>\n<meta property=\"og:url\" content=\"https:\/\/www.eurekers.com\/cursosbolsa\/bajada-de-tipos-en-el-horizonte\" \/>\n<meta property=\"og:site_name\" content=\"Blog de Bolsa - Eurekers\" \/>\n<meta property=\"article:publisher\" content=\"https:\/\/www.facebook.com\/eurekersbolsa\" \/>\n<meta property=\"article:published_time\" content=\"2024-05-28T17:09:09+00:00\" \/>\n<meta property=\"article:modified_time\" content=\"2026-04-12T14:50:39+00:00\" \/>\n<meta property=\"og:image\" content=\"https:\/\/www.eurekers.com\/cursosbolsa\/wp-content\/uploads\/2024\/05\/2024-05-30-BAJADA-TIPOS-UE.png\" \/>\n\t<meta property=\"og:image:width\" content=\"726\" \/>\n\t<meta property=\"og:image:height\" content=\"275\" \/>\n\t<meta property=\"og:image:type\" content=\"image\/png\" \/>\n<meta name=\"author\" content=\"Helena Garc\u00eda\" \/>\n<meta name=\"twitter:card\" content=\"summary_large_image\" \/>\n<meta name=\"twitter:creator\" content=\"@eurekersbolsa\" \/>\n<meta name=\"twitter:site\" content=\"@eurekersbolsa\" \/>\n<meta name=\"twitter:label1\" content=\"Escrito por\" \/>\n\t<meta name=\"twitter:data1\" content=\"Helena Garc\u00eda\" \/>\n\t<meta name=\"twitter:label2\" content=\"Tiempo de lectura\" \/>\n\t<meta name=\"twitter:data2\" content=\"3 minutos\" \/>\n<script type=\"application\/ld+json\" class=\"yoast-schema-graph\">{\"@context\":\"https:\/\/schema.org\",\"@graph\":[{\"@type\":\"Article\",\"@id\":\"https:\/\/www.eurekers.com\/cursosbolsa\/bajada-de-tipos-en-el-horizonte#article\",\"isPartOf\":{\"@id\":\"https:\/\/www.eurekers.com\/cursosbolsa\/bajada-de-tipos-en-el-horizonte\"},\"author\":{\"name\":\"Helena Garc\u00eda\",\"@id\":\"https:\/\/www.eurekers.com\/cursosbolsa\/#\/schema\/person\/3f69752ea76301fe1d0d03b41cf01ce0\"},\"headline\":\"\u00bfBajada de tipos en el horizonte?\",\"datePublished\":\"2024-05-28T17:09:09+00:00\",\"dateModified\":\"2026-04-12T14:50:39+00:00\",\"mainEntityOfPage\":{\"@id\":\"https:\/\/www.eurekers.com\/cursosbolsa\/bajada-de-tipos-en-el-horizonte\"},\"wordCount\":610,\"commentCount\":0,\"publisher\":{\"@id\":\"https:\/\/www.eurekers.com\/cursosbolsa\/#organization\"},\"image\":{\"@id\":\"https:\/\/www.eurekers.com\/cursosbolsa\/bajada-de-tipos-en-el-horizonte#primaryimage\"},\"thumbnailUrl\":\"https:\/\/www.eurekers.com\/cursosbolsa\/wp-content\/uploads\/2024\/05\/2024-05-30-BAJADA-TIPOS-UE.png\",\"keywords\":[\"inflacion\",\"econom\u00eda\",\"tipos de inter\u00e9s\",\"UE\",\"BCE\"],\"articleSection\":[\"Noticias\"],\"inLanguage\":\"es\",\"potentialAction\":[{\"@type\":\"CommentAction\",\"name\":\"Comment\",\"target\":[\"https:\/\/www.eurekers.com\/cursosbolsa\/bajada-de-tipos-en-el-horizonte#respond\"]}]},{\"@type\":\"WebPage\",\"@id\":\"https:\/\/www.eurekers.com\/cursosbolsa\/bajada-de-tipos-en-el-horizonte\",\"url\":\"https:\/\/www.eurekers.com\/cursosbolsa\/bajada-de-tipos-en-el-horizonte\",\"name\":\"\u00bfBajada de tipos en el horizonte? - Eurekers\",\"isPartOf\":{\"@id\":\"https:\/\/www.eurekers.com\/cursosbolsa\/#website\"},\"primaryImageOfPage\":{\"@id\":\"https:\/\/www.eurekers.com\/cursosbolsa\/bajada-de-tipos-en-el-horizonte#primaryimage\"},\"image\":{\"@id\":\"https:\/\/www.eurekers.com\/cursosbolsa\/bajada-de-tipos-en-el-horizonte#primaryimage\"},\"thumbnailUrl\":\"https:\/\/www.eurekers.com\/cursosbolsa\/wp-content\/uploads\/2024\/05\/2024-05-30-BAJADA-TIPOS-UE.png\",\"datePublished\":\"2024-05-28T17:09:09+00:00\",\"dateModified\":\"2026-04-12T14:50:39+00:00\",\"description\":\"Las expectativas son enormes, hay una gran esperanza en que el 6 de junio Christine Lagarde por fin de la noticia de la bajada de tipos.\",\"breadcrumb\":{\"@id\":\"https:\/\/www.eurekers.com\/cursosbolsa\/bajada-de-tipos-en-el-horizonte#breadcrumb\"},\"inLanguage\":\"es\",\"potentialAction\":[{\"@type\":\"ReadAction\",\"target\":[\"https:\/\/www.eurekers.com\/cursosbolsa\/bajada-de-tipos-en-el-horizonte\"]}]},{\"@type\":\"ImageObject\",\"inLanguage\":\"es\",\"@id\":\"https:\/\/www.eurekers.com\/cursosbolsa\/bajada-de-tipos-en-el-horizonte#primaryimage\",\"url\":\"https:\/\/www.eurekers.com\/cursosbolsa\/wp-content\/uploads\/2024\/05\/2024-05-30-BAJADA-TIPOS-UE.png\",\"contentUrl\":\"https:\/\/www.eurekers.com\/cursosbolsa\/wp-content\/uploads\/2024\/05\/2024-05-30-BAJADA-TIPOS-UE.png\",\"width\":726,\"height\":275,\"caption\":\"Las expectativas son enormes, hay una gran esperanza en que el 6 de junio Christine Lagarde por fin de la noticia de la bajada de tipos.\"},{\"@type\":\"BreadcrumbList\",\"@id\":\"https:\/\/www.eurekers.com\/cursosbolsa\/bajada-de-tipos-en-el-horizonte#breadcrumb\",\"itemListElement\":[{\"@type\":\"ListItem\",\"position\":1,\"name\":\"Portada\",\"item\":\"https:\/\/www.eurekers.com\/cursosbolsa\/\"},{\"@type\":\"ListItem\",\"position\":2,\"name\":\"\u00bfBajada de tipos en el horizonte?\"}]},{\"@type\":\"WebSite\",\"@id\":\"https:\/\/www.eurekers.com\/cursosbolsa\/#website\",\"url\":\"https:\/\/www.eurekers.com\/cursosbolsa\/\",\"name\":\"Blog de Bolsa - Eurekers\",\"description\":\"Formaci\u00f3n y Comunidad de Bolsa\",\"publisher\":{\"@id\":\"https:\/\/www.eurekers.com\/cursosbolsa\/#organization\"},\"potentialAction\":[{\"@type\":\"SearchAction\",\"target\":{\"@type\":\"EntryPoint\",\"urlTemplate\":\"https:\/\/www.eurekers.com\/cursosbolsa\/?s={search_term_string}\"},\"query-input\":{\"@type\":\"PropertyValueSpecification\",\"valueRequired\":true,\"valueName\":\"search_term_string\"}}],\"inLanguage\":\"es\"},{\"@type\":\"Organization\",\"@id\":\"https:\/\/www.eurekers.com\/cursosbolsa\/#organization\",\"name\":\"Eurekers.com\",\"url\":\"https:\/\/www.eurekers.com\/cursosbolsa\/\",\"logo\":{\"@type\":\"ImageObject\",\"inLanguage\":\"es\",\"@id\":\"https:\/\/www.eurekers.com\/cursosbolsa\/#\/schema\/logo\/image\/\",\"url\":\"https:\/\/www.eurekers.com\/cursosbolsa\/wp-content\/uploads\/2018\/10\/Anagrama.png\",\"contentUrl\":\"https:\/\/www.eurekers.com\/cursosbolsa\/wp-content\/uploads\/2018\/10\/Anagrama.png\",\"width\":296,\"height\":274,\"caption\":\"Eurekers.com\"},\"image\":{\"@id\":\"https:\/\/www.eurekers.com\/cursosbolsa\/#\/schema\/logo\/image\/\"},\"sameAs\":[\"https:\/\/www.facebook.com\/eurekersbolsa\",\"https:\/\/x.com\/eurekersbolsa\",\"https:\/\/www.instagram.com\/eurekers\/\"]},{\"@type\":\"Person\",\"@id\":\"https:\/\/www.eurekers.com\/cursosbolsa\/#\/schema\/person\/3f69752ea76301fe1d0d03b41cf01ce0\",\"name\":\"Helena Garc\u00eda\",\"image\":{\"@type\":\"ImageObject\",\"inLanguage\":\"es\",\"@id\":\"https:\/\/www.eurekers.com\/cursosbolsa\/#\/schema\/person\/image\/\",\"url\":\"https:\/\/secure.gravatar.com\/avatar\/3f24279b7e4dd2fe2ed5cbee73552f0d?s=96&d=wp_user_avatar&r=g\",\"contentUrl\":\"https:\/\/secure.gravatar.com\/avatar\/3f24279b7e4dd2fe2ed5cbee73552f0d?s=96&d=wp_user_avatar&r=g\",\"caption\":\"Helena Garc\u00eda\"},\"url\":\"https:\/\/www.eurekers.com\/cursosbolsa\/author\/helenagarcia\"}]}<\/script>\n<!-- \/ Yoast SEO plugin. -->","yoast_head_json":{"title":"\u00bfBajada de tipos en el horizonte? - Eurekers","description":"Las expectativas son enormes, hay una gran esperanza en que el 6 de junio Christine Lagarde por fin de la noticia de la bajada de tipos.","robots":{"index":"index","follow":"follow","max-snippet":"max-snippet:-1","max-image-preview":"max-image-preview:large","max-video-preview":"max-video-preview:-1"},"canonical":"https:\/\/www.eurekers.com\/cursosbolsa\/bajada-de-tipos-en-el-horizonte","og_locale":"es_ES","og_type":"article","og_title":"\u00bfBajada de tipos en el horizonte? - Eurekers","og_description":"Las expectativas son enormes, hay una gran esperanza en que el 6 de junio Christine Lagarde por fin de la noticia de la bajada de tipos.","og_url":"https:\/\/www.eurekers.com\/cursosbolsa\/bajada-de-tipos-en-el-horizonte","og_site_name":"Blog de Bolsa - Eurekers","article_publisher":"https:\/\/www.facebook.com\/eurekersbolsa","article_published_time":"2024-05-28T17:09:09+00:00","article_modified_time":"2026-04-12T14:50:39+00:00","og_image":[{"width":726,"height":275,"url":"https:\/\/www.eurekers.com\/cursosbolsa\/wp-content\/uploads\/2024\/05\/2024-05-30-BAJADA-TIPOS-UE.png","type":"image\/png"}],"author":"Helena Garc\u00eda","twitter_card":"summary_large_image","twitter_creator":"@eurekersbolsa","twitter_site":"@eurekersbolsa","twitter_misc":{"Escrito por":"Helena Garc\u00eda","Tiempo de lectura":"3 minutos"},"schema":{"@context":"https:\/\/schema.org","@graph":[{"@type":"Article","@id":"https:\/\/www.eurekers.com\/cursosbolsa\/bajada-de-tipos-en-el-horizonte#article","isPartOf":{"@id":"https:\/\/www.eurekers.com\/cursosbolsa\/bajada-de-tipos-en-el-horizonte"},"author":{"name":"Helena Garc\u00eda","@id":"https:\/\/www.eurekers.com\/cursosbolsa\/#\/schema\/person\/3f69752ea76301fe1d0d03b41cf01ce0"},"headline":"\u00bfBajada de tipos en el horizonte?","datePublished":"2024-05-28T17:09:09+00:00","dateModified":"2026-04-12T14:50:39+00:00","mainEntityOfPage":{"@id":"https:\/\/www.eurekers.com\/cursosbolsa\/bajada-de-tipos-en-el-horizonte"},"wordCount":610,"commentCount":0,"publisher":{"@id":"https:\/\/www.eurekers.com\/cursosbolsa\/#organization"},"image":{"@id":"https:\/\/www.eurekers.com\/cursosbolsa\/bajada-de-tipos-en-el-horizonte#primaryimage"},"thumbnailUrl":"https:\/\/www.eurekers.com\/cursosbolsa\/wp-content\/uploads\/2024\/05\/2024-05-30-BAJADA-TIPOS-UE.png","keywords":["inflacion","econom\u00eda","tipos de inter\u00e9s","UE","BCE"],"articleSection":["Noticias"],"inLanguage":"es","potentialAction":[{"@type":"CommentAction","name":"Comment","target":["https:\/\/www.eurekers.com\/cursosbolsa\/bajada-de-tipos-en-el-horizonte#respond"]}]},{"@type":"WebPage","@id":"https:\/\/www.eurekers.com\/cursosbolsa\/bajada-de-tipos-en-el-horizonte","url":"https:\/\/www.eurekers.com\/cursosbolsa\/bajada-de-tipos-en-el-horizonte","name":"\u00bfBajada de tipos en el horizonte? - Eurekers","isPartOf":{"@id":"https:\/\/www.eurekers.com\/cursosbolsa\/#website"},"primaryImageOfPage":{"@id":"https:\/\/www.eurekers.com\/cursosbolsa\/bajada-de-tipos-en-el-horizonte#primaryimage"},"image":{"@id":"https:\/\/www.eurekers.com\/cursosbolsa\/bajada-de-tipos-en-el-horizonte#primaryimage"},"thumbnailUrl":"https:\/\/www.eurekers.com\/cursosbolsa\/wp-content\/uploads\/2024\/05\/2024-05-30-BAJADA-TIPOS-UE.png","datePublished":"2024-05-28T17:09:09+00:00","dateModified":"2026-04-12T14:50:39+00:00","description":"Las expectativas son enormes, hay una gran esperanza en que el 6 de junio Christine Lagarde por fin de la noticia de la bajada de tipos.","breadcrumb":{"@id":"https:\/\/www.eurekers.com\/cursosbolsa\/bajada-de-tipos-en-el-horizonte#breadcrumb"},"inLanguage":"es","potentialAction":[{"@type":"ReadAction","target":["https:\/\/www.eurekers.com\/cursosbolsa\/bajada-de-tipos-en-el-horizonte"]}]},{"@type":"ImageObject","inLanguage":"es","@id":"https:\/\/www.eurekers.com\/cursosbolsa\/bajada-de-tipos-en-el-horizonte#primaryimage","url":"https:\/\/www.eurekers.com\/cursosbolsa\/wp-content\/uploads\/2024\/05\/2024-05-30-BAJADA-TIPOS-UE.png","contentUrl":"https:\/\/www.eurekers.com\/cursosbolsa\/wp-content\/uploads\/2024\/05\/2024-05-30-BAJADA-TIPOS-UE.png","width":726,"height":275,"caption":"Las expectativas son enormes, hay una gran esperanza en que el 6 de junio Christine Lagarde por fin de la noticia de la bajada de tipos."},{"@type":"BreadcrumbList","@id":"https:\/\/www.eurekers.com\/cursosbolsa\/bajada-de-tipos-en-el-horizonte#breadcrumb","itemListElement":[{"@type":"ListItem","position":1,"name":"Portada","item":"https:\/\/www.eurekers.com\/cursosbolsa\/"},{"@type":"ListItem","position":2,"name":"\u00bfBajada de tipos en el horizonte?"}]},{"@type":"WebSite","@id":"https:\/\/www.eurekers.com\/cursosbolsa\/#website","url":"https:\/\/www.eurekers.com\/cursosbolsa\/","name":"Blog de Bolsa - Eurekers","description":"Formaci\u00f3n y Comunidad de Bolsa","publisher":{"@id":"https:\/\/www.eurekers.com\/cursosbolsa\/#organization"},"potentialAction":[{"@type":"SearchAction","target":{"@type":"EntryPoint","urlTemplate":"https:\/\/www.eurekers.com\/cursosbolsa\/?s={search_term_string}"},"query-input":{"@type":"PropertyValueSpecification","valueRequired":true,"valueName":"search_term_string"}}],"inLanguage":"es"},{"@type":"Organization","@id":"https:\/\/www.eurekers.com\/cursosbolsa\/#organization","name":"Eurekers.com","url":"https:\/\/www.eurekers.com\/cursosbolsa\/","logo":{"@type":"ImageObject","inLanguage":"es","@id":"https:\/\/www.eurekers.com\/cursosbolsa\/#\/schema\/logo\/image\/","url":"https:\/\/www.eurekers.com\/cursosbolsa\/wp-content\/uploads\/2018\/10\/Anagrama.png","contentUrl":"https:\/\/www.eurekers.com\/cursosbolsa\/wp-content\/uploads\/2018\/10\/Anagrama.png","width":296,"height":274,"caption":"Eurekers.com"},"image":{"@id":"https:\/\/www.eurekers.com\/cursosbolsa\/#\/schema\/logo\/image\/"},"sameAs":["https:\/\/www.facebook.com\/eurekersbolsa","https:\/\/x.com\/eurekersbolsa","https:\/\/www.instagram.com\/eurekers\/"]},{"@type":"Person","@id":"https:\/\/www.eurekers.com\/cursosbolsa\/#\/schema\/person\/3f69752ea76301fe1d0d03b41cf01ce0","name":"Helena Garc\u00eda","image":{"@type":"ImageObject","inLanguage":"es","@id":"https:\/\/www.eurekers.com\/cursosbolsa\/#\/schema\/person\/image\/","url":"https:\/\/secure.gravatar.com\/avatar\/3f24279b7e4dd2fe2ed5cbee73552f0d?s=96&d=wp_user_avatar&r=g","contentUrl":"https:\/\/secure.gravatar.com\/avatar\/3f24279b7e4dd2fe2ed5cbee73552f0d?s=96&d=wp_user_avatar&r=g","caption":"Helena Garc\u00eda"},"url":"https:\/\/www.eurekers.com\/cursosbolsa\/author\/helenagarcia"}]}},"_links":{"self":[{"href":"https:\/\/www.eurekers.com\/cursosbolsa\/wp-json\/wp\/v2\/posts\/105859"}],"collection":[{"href":"https:\/\/www.eurekers.com\/cursosbolsa\/wp-json\/wp\/v2\/posts"}],"about":[{"href":"https:\/\/www.eurekers.com\/cursosbolsa\/wp-json\/wp\/v2\/types\/post"}],"author":[{"embeddable":true,"href":"https:\/\/www.eurekers.com\/cursosbolsa\/wp-json\/wp\/v2\/users\/17"}],"replies":[{"embeddable":true,"href":"https:\/\/www.eurekers.com\/cursosbolsa\/wp-json\/wp\/v2\/comments?post=105859"}],"version-history":[{"count":2,"href":"https:\/\/www.eurekers.com\/cursosbolsa\/wp-json\/wp\/v2\/posts\/105859\/revisions"}],"predecessor-version":[{"id":105872,"href":"https:\/\/www.eurekers.com\/cursosbolsa\/wp-json\/wp\/v2\/posts\/105859\/revisions\/105872"}],"wp:featuredmedia":[{"embeddable":true,"href":"https:\/\/www.eurekers.com\/cursosbolsa\/wp-json\/wp\/v2\/media\/105860"}],"wp:attachment":[{"href":"https:\/\/www.eurekers.com\/cursosbolsa\/wp-json\/wp\/v2\/media?parent=105859"}],"wp:term":[{"taxonomy":"category","embeddable":true,"href":"https:\/\/www.eurekers.com\/cursosbolsa\/wp-json\/wp\/v2\/categories?post=105859"},{"taxonomy":"post_tag","embeddable":true,"href":"https:\/\/www.eurekers.com\/cursosbolsa\/wp-json\/wp\/v2\/tags?post=105859"}],"curies":[{"name":"wp","href":"https:\/\/api.w.org\/{rel}","templated":true}]}}