{"id":105136,"date":"2023-06-01T09:25:07","date_gmt":"2023-06-01T09:25:07","guid":{"rendered":"https:\/\/www.eurekers.com\/cursosbolsa\/?p=105136"},"modified":"2026-04-12T14:51:04","modified_gmt":"2026-04-12T14:51:04","slug":"alemania-entra-en-recesion","status":"publish","type":"post","link":"https:\/\/www.eurekers.com\/cursosbolsa\/alemania-entra-en-recesion","title":{"rendered":"Alemania entra en recesi\u00f3n"},"content":{"rendered":"<p dir=\"ltr\"><strong>Alemania entra en\u00a0<\/strong><a href=\"https:\/\/www.eurekers.com\/cursosbolsa\/que-es-una-recesion\">recesi\u00f3n<\/a> <strong>tras registrar dos trimestres consecutivos de crecimiento econ\u00f3mico negativo<\/strong>. De este modo, la primera econom\u00eda de la Uni\u00f3n Europea, y por ende locomotora de Europa, entra en un <strong>periodo de desaceleraci\u00f3n que puede afectar al conjunto de los pa\u00edses europeos<\/strong>.<\/p>\n<h2 dir=\"ltr\">Recesi\u00f3n de la primera econom\u00eda europea<\/h2>\n<p dir=\"ltr\">Al decrecimiento del -0,5% que experiment\u00f3 durante el trimestre anterior (octubre-diciembre del 2022), hay que sumarle un nuevo mal dato de crecimiento del -0,3%, entre enero y marzo de 2023. Y es que pese al incremento generalizado de los precios, la econom\u00eda germana no pudo seguir aumentando su <a href=\"https:\/\/www.eurekers.com\/cursosbolsa\/que-es-el-pib-y-como-se-calcula\">PIB<\/a>, debido a que <strong>el consumo de los hogares en alimentos<\/strong>, <strong>ropa y calzado se ha desplomado<\/strong> un 1,2%.<\/p>\n<p dir=\"ltr\">Entre las <strong>causas directas de tal decrecimiento<\/strong> se encuentran la subida de <a href=\"https:\/\/www.eurekers.com\/cursosbolsa\/que-es-el-tipo-de-interes\">tipos de inter\u00e9s<\/a> por parte del <a href=\"https:\/\/www.eurekers.com\/cursosbolsa\/que-es-un-banco-central-y-cuales-son-sus-funciones\">banco central<\/a> (<a href=\"https:\/\/www.ecb.europa.eu\/ecb\/html\/index.es.html\">BCE<\/a>) -ya est\u00e1n en el 3,5%-, y el <a href=\"https:\/\/www.eurekers.com\/cursosbolsa\/como-proteger-mis-inversiones-tras-el-estallido-del-conflicto-rusia-ucrania\">conflicto entre Rusia y Ucrania<\/a>, que dificult\u00f3 <a href=\"https:\/\/www.eurekers.com\/cursosbolsa\/rusia-corta-el-gas-gazprom\">la compra de gas ruso<\/a>, del que es tan dependiente la econom\u00eda alemana.<\/p>\n<h3 dir=\"ltr\">EL BCE ante la situaci\u00f3n<\/h3>\n<p dir=\"ltr\">Esta situaci\u00f3n pone al <a href=\"https:\/\/www.eurekers.com\/cursosbolsa\/que-es-el-banco-central-europeo-bce\">BCE<\/a> entre la espada y la pared, atrapada entre contener la <a href=\"https:\/\/www.eurekers.com\/cursosbolsa\/como-batir-a-la-inflacion\">inflaci\u00f3n<\/a> continuando con la subida de tipos, o detenerlos e incluso bajarlos para estimular la econom\u00eda alemana, a costa de perder su batalla contra la inflaci\u00f3n, \u00fanico mandato para el que fue creado.<\/p>\n<p dir=\"ltr\">Por lo pronto, <a href=\"https:\/\/es.wikipedia.org\/wiki\/Christine_Lagarde\">Christine Lagarde<\/a>, sigue firme en su objetivo de llevar la inflaci\u00f3n al 2% en Europa,<sup class=\"modern-footnotes-footnote \" data-mfn=\"1\" data-mfn-post-scope=\"00000000483f654a0000000023aeda2a_105136\"><a href=\"javascript:void(0)\"  role=\"button\" aria-pressed=\"false\" aria-describedby=\"mfn-content-00000000483f654a0000000023aeda2a_105136-1\">1<\/a><\/sup><span id=\"mfn-content-00000000483f654a0000000023aeda2a_105136-1\" role=\"tooltip\" class=\"modern-footnotes-footnote__note\" tabindex=\"0\" data-mfn=\"1\"><a href=\"https:\/\/www.universidaddebolsa.com\/noticias\/inflacion-al-2-por-ciento-la-prioridad-del-bce\/\">Inflaci\u00f3n al 2%, la prioridad del BCE<\/a><\/span> asegurando que tan solo se trata de una <i>recesi\u00f3n t\u00e9cnica transitoria<\/i>, pero <strong>ya empiezan a aparecer voces que piden como m\u00ednimo una paralizaci\u00f3n de las subidas de tipos<\/strong>.<\/p>\n<p dir=\"ltr\">Y ahora que el motor de Europa ha comenzado a gripar, \u00bfQu\u00e9 futuro le espera a Espa\u00f1a, tan dependiente de la bonanza econ\u00f3mica alemana?<\/p>\n","protected":false},"excerpt":{"rendered":"<p>Alemania, primera econom\u00eda de Europa, entra en recesi\u00f3n tras registrar dos trimestres consecutivos de crecimiento econ\u00f3mico negativo. <\/p>\n","protected":false},"author":17,"featured_media":105137,"comment_status":"open","ping_status":"closed","sticky":false,"template":"","format":"standard","meta":{"_joinchat":[],"footnotes":""},"categories":[107],"tags":[324,588,637,653],"class_list":["post-105136","post","type-post","status-publish","format-standard","has-post-thumbnail","hentry","category-noticias","tag-union-europea","tag-alemania","tag-recesion","tag-macroeconomia"],"yoast_head":"<!-- This site is optimized with the Yoast SEO plugin v25.5 - https:\/\/yoast.com\/wordpress\/plugins\/seo\/ -->\n<title>Alemania entra en recesi\u00f3n - Eurekers<\/title>\n<meta name=\"description\" content=\"Alemania, primera econom\u00eda de Europa, entra en recesi\u00f3n tras registrar dos trimestres consecutivos de crecimiento econ\u00f3mico negativo.\" \/>\n<meta name=\"robots\" content=\"index, follow, max-snippet:-1, max-image-preview:large, max-video-preview:-1\" \/>\n<link rel=\"canonical\" href=\"https:\/\/www.eurekers.com\/cursosbolsa\/alemania-entra-en-recesion\" \/>\n<meta property=\"og:locale\" content=\"es_ES\" \/>\n<meta property=\"og:type\" content=\"article\" \/>\n<meta property=\"og:title\" content=\"Alemania entra en recesi\u00f3n - Eurekers\" \/>\n<meta property=\"og:description\" content=\"Alemania, primera econom\u00eda de Europa, entra en recesi\u00f3n tras registrar dos trimestres consecutivos de crecimiento econ\u00f3mico negativo.\" \/>\n<meta property=\"og:url\" content=\"https:\/\/www.eurekers.com\/cursosbolsa\/alemania-entra-en-recesion\" \/>\n<meta property=\"og:site_name\" content=\"Blog de Bolsa - Eurekers\" \/>\n<meta property=\"article:publisher\" content=\"https:\/\/www.facebook.com\/eurekersbolsa\" \/>\n<meta property=\"article:published_time\" content=\"2023-06-01T09:25:07+00:00\" \/>\n<meta property=\"article:modified_time\" content=\"2026-04-12T14:51:04+00:00\" \/>\n<meta property=\"og:image\" content=\"https:\/\/www.eurekers.com\/cursosbolsa\/wp-content\/uploads\/2023\/06\/Alemania-recesio\u0301n.jpg\" \/>\n\t<meta property=\"og:image:width\" content=\"726\" \/>\n\t<meta property=\"og:image:height\" content=\"275\" \/>\n\t<meta property=\"og:image:type\" content=\"image\/jpeg\" \/>\n<meta name=\"author\" content=\"Helena Garc\u00eda\" \/>\n<meta name=\"twitter:card\" content=\"summary_large_image\" \/>\n<meta name=\"twitter:creator\" content=\"@eurekersbolsa\" \/>\n<meta name=\"twitter:site\" content=\"@eurekersbolsa\" \/>\n<meta name=\"twitter:label1\" content=\"Escrito por\" \/>\n\t<meta name=\"twitter:data1\" content=\"Helena Garc\u00eda\" \/>\n\t<meta name=\"twitter:label2\" content=\"Tiempo de lectura\" \/>\n\t<meta name=\"twitter:data2\" content=\"2 minutos\" \/>\n<script type=\"application\/ld+json\" class=\"yoast-schema-graph\">{\"@context\":\"https:\/\/schema.org\",\"@graph\":[{\"@type\":\"Article\",\"@id\":\"https:\/\/www.eurekers.com\/cursosbolsa\/alemania-entra-en-recesion#article\",\"isPartOf\":{\"@id\":\"https:\/\/www.eurekers.com\/cursosbolsa\/alemania-entra-en-recesion\"},\"author\":{\"name\":\"Helena Garc\u00eda\",\"@id\":\"https:\/\/www.eurekers.com\/cursosbolsa\/#\/schema\/person\/3f69752ea76301fe1d0d03b41cf01ce0\"},\"headline\":\"Alemania entra en recesi\u00f3n\",\"datePublished\":\"2023-06-01T09:25:07+00:00\",\"dateModified\":\"2026-04-12T14:51:04+00:00\",\"mainEntityOfPage\":{\"@id\":\"https:\/\/www.eurekers.com\/cursosbolsa\/alemania-entra-en-recesion\"},\"wordCount\":322,\"commentCount\":0,\"publisher\":{\"@id\":\"https:\/\/www.eurekers.com\/cursosbolsa\/#organization\"},\"image\":{\"@id\":\"https:\/\/www.eurekers.com\/cursosbolsa\/alemania-entra-en-recesion#primaryimage\"},\"thumbnailUrl\":\"https:\/\/www.eurekers.com\/cursosbolsa\/wp-content\/uploads\/2023\/06\/Alemania-recesio\u0301n.jpg\",\"keywords\":[\"Uni\u00f3n Europea\",\"Alemania\",\"recesi\u00f3n\",\"macroeconomia\"],\"articleSection\":[\"Noticias\"],\"inLanguage\":\"es\",\"potentialAction\":[{\"@type\":\"CommentAction\",\"name\":\"Comment\",\"target\":[\"https:\/\/www.eurekers.com\/cursosbolsa\/alemania-entra-en-recesion#respond\"]}]},{\"@type\":\"WebPage\",\"@id\":\"https:\/\/www.eurekers.com\/cursosbolsa\/alemania-entra-en-recesion\",\"url\":\"https:\/\/www.eurekers.com\/cursosbolsa\/alemania-entra-en-recesion\",\"name\":\"Alemania entra en recesi\u00f3n - Eurekers\",\"isPartOf\":{\"@id\":\"https:\/\/www.eurekers.com\/cursosbolsa\/#website\"},\"primaryImageOfPage\":{\"@id\":\"https:\/\/www.eurekers.com\/cursosbolsa\/alemania-entra-en-recesion#primaryimage\"},\"image\":{\"@id\":\"https:\/\/www.eurekers.com\/cursosbolsa\/alemania-entra-en-recesion#primaryimage\"},\"thumbnailUrl\":\"https:\/\/www.eurekers.com\/cursosbolsa\/wp-content\/uploads\/2023\/06\/Alemania-recesio\u0301n.jpg\",\"datePublished\":\"2023-06-01T09:25:07+00:00\",\"dateModified\":\"2026-04-12T14:51:04+00:00\",\"description\":\"Alemania, primera econom\u00eda de Europa, entra en recesi\u00f3n tras registrar dos trimestres consecutivos de crecimiento econ\u00f3mico negativo.\",\"breadcrumb\":{\"@id\":\"https:\/\/www.eurekers.com\/cursosbolsa\/alemania-entra-en-recesion#breadcrumb\"},\"inLanguage\":\"es\",\"potentialAction\":[{\"@type\":\"ReadAction\",\"target\":[\"https:\/\/www.eurekers.com\/cursosbolsa\/alemania-entra-en-recesion\"]}]},{\"@type\":\"ImageObject\",\"inLanguage\":\"es\",\"@id\":\"https:\/\/www.eurekers.com\/cursosbolsa\/alemania-entra-en-recesion#primaryimage\",\"url\":\"https:\/\/www.eurekers.com\/cursosbolsa\/wp-content\/uploads\/2023\/06\/Alemania-recesio\u0301n.jpg\",\"contentUrl\":\"https:\/\/www.eurekers.com\/cursosbolsa\/wp-content\/uploads\/2023\/06\/Alemania-recesio\u0301n.jpg\",\"width\":726,\"height\":275,\"caption\":\"Alemania, primera econom\u00eda de Europa, entra en recesi\u00f3n tras registrar dos trimestres consecutivos de crecimiento econ\u00f3mico negativo.\"},{\"@type\":\"BreadcrumbList\",\"@id\":\"https:\/\/www.eurekers.com\/cursosbolsa\/alemania-entra-en-recesion#breadcrumb\",\"itemListElement\":[{\"@type\":\"ListItem\",\"position\":1,\"name\":\"Portada\",\"item\":\"https:\/\/www.eurekers.com\/cursosbolsa\/\"},{\"@type\":\"ListItem\",\"position\":2,\"name\":\"Alemania entra en recesi\u00f3n\"}]},{\"@type\":\"WebSite\",\"@id\":\"https:\/\/www.eurekers.com\/cursosbolsa\/#website\",\"url\":\"https:\/\/www.eurekers.com\/cursosbolsa\/\",\"name\":\"Blog de Bolsa - Eurekers\",\"description\":\"Formaci\u00f3n y Comunidad de Bolsa\",\"publisher\":{\"@id\":\"https:\/\/www.eurekers.com\/cursosbolsa\/#organization\"},\"potentialAction\":[{\"@type\":\"SearchAction\",\"target\":{\"@type\":\"EntryPoint\",\"urlTemplate\":\"https:\/\/www.eurekers.com\/cursosbolsa\/?s={search_term_string}\"},\"query-input\":{\"@type\":\"PropertyValueSpecification\",\"valueRequired\":true,\"valueName\":\"search_term_string\"}}],\"inLanguage\":\"es\"},{\"@type\":\"Organization\",\"@id\":\"https:\/\/www.eurekers.com\/cursosbolsa\/#organization\",\"name\":\"Eurekers.com\",\"url\":\"https:\/\/www.eurekers.com\/cursosbolsa\/\",\"logo\":{\"@type\":\"ImageObject\",\"inLanguage\":\"es\",\"@id\":\"https:\/\/www.eurekers.com\/cursosbolsa\/#\/schema\/logo\/image\/\",\"url\":\"https:\/\/www.eurekers.com\/cursosbolsa\/wp-content\/uploads\/2018\/10\/Anagrama.png\",\"contentUrl\":\"https:\/\/www.eurekers.com\/cursosbolsa\/wp-content\/uploads\/2018\/10\/Anagrama.png\",\"width\":296,\"height\":274,\"caption\":\"Eurekers.com\"},\"image\":{\"@id\":\"https:\/\/www.eurekers.com\/cursosbolsa\/#\/schema\/logo\/image\/\"},\"sameAs\":[\"https:\/\/www.facebook.com\/eurekersbolsa\",\"https:\/\/x.com\/eurekersbolsa\",\"https:\/\/www.instagram.com\/eurekers\/\"]},{\"@type\":\"Person\",\"@id\":\"https:\/\/www.eurekers.com\/cursosbolsa\/#\/schema\/person\/3f69752ea76301fe1d0d03b41cf01ce0\",\"name\":\"Helena Garc\u00eda\",\"image\":{\"@type\":\"ImageObject\",\"inLanguage\":\"es\",\"@id\":\"https:\/\/www.eurekers.com\/cursosbolsa\/#\/schema\/person\/image\/\",\"url\":\"https:\/\/secure.gravatar.com\/avatar\/3f24279b7e4dd2fe2ed5cbee73552f0d?s=96&d=wp_user_avatar&r=g\",\"contentUrl\":\"https:\/\/secure.gravatar.com\/avatar\/3f24279b7e4dd2fe2ed5cbee73552f0d?s=96&d=wp_user_avatar&r=g\",\"caption\":\"Helena Garc\u00eda\"},\"url\":\"https:\/\/www.eurekers.com\/cursosbolsa\/author\/helenagarcia\"}]}<\/script>\n<!-- \/ Yoast SEO plugin. -->","yoast_head_json":{"title":"Alemania entra en recesi\u00f3n - Eurekers","description":"Alemania, primera econom\u00eda de Europa, entra en recesi\u00f3n tras registrar dos trimestres consecutivos de crecimiento econ\u00f3mico negativo.","robots":{"index":"index","follow":"follow","max-snippet":"max-snippet:-1","max-image-preview":"max-image-preview:large","max-video-preview":"max-video-preview:-1"},"canonical":"https:\/\/www.eurekers.com\/cursosbolsa\/alemania-entra-en-recesion","og_locale":"es_ES","og_type":"article","og_title":"Alemania entra en recesi\u00f3n - Eurekers","og_description":"Alemania, primera econom\u00eda de Europa, entra en recesi\u00f3n tras registrar dos trimestres consecutivos de crecimiento econ\u00f3mico negativo.","og_url":"https:\/\/www.eurekers.com\/cursosbolsa\/alemania-entra-en-recesion","og_site_name":"Blog de Bolsa - Eurekers","article_publisher":"https:\/\/www.facebook.com\/eurekersbolsa","article_published_time":"2023-06-01T09:25:07+00:00","article_modified_time":"2026-04-12T14:51:04+00:00","og_image":[{"width":726,"height":275,"url":"https:\/\/www.eurekers.com\/cursosbolsa\/wp-content\/uploads\/2023\/06\/Alemania-recesio\u0301n.jpg","type":"image\/jpeg"}],"author":"Helena Garc\u00eda","twitter_card":"summary_large_image","twitter_creator":"@eurekersbolsa","twitter_site":"@eurekersbolsa","twitter_misc":{"Escrito por":"Helena Garc\u00eda","Tiempo de lectura":"2 minutos"},"schema":{"@context":"https:\/\/schema.org","@graph":[{"@type":"Article","@id":"https:\/\/www.eurekers.com\/cursosbolsa\/alemania-entra-en-recesion#article","isPartOf":{"@id":"https:\/\/www.eurekers.com\/cursosbolsa\/alemania-entra-en-recesion"},"author":{"name":"Helena Garc\u00eda","@id":"https:\/\/www.eurekers.com\/cursosbolsa\/#\/schema\/person\/3f69752ea76301fe1d0d03b41cf01ce0"},"headline":"Alemania entra en recesi\u00f3n","datePublished":"2023-06-01T09:25:07+00:00","dateModified":"2026-04-12T14:51:04+00:00","mainEntityOfPage":{"@id":"https:\/\/www.eurekers.com\/cursosbolsa\/alemania-entra-en-recesion"},"wordCount":322,"commentCount":0,"publisher":{"@id":"https:\/\/www.eurekers.com\/cursosbolsa\/#organization"},"image":{"@id":"https:\/\/www.eurekers.com\/cursosbolsa\/alemania-entra-en-recesion#primaryimage"},"thumbnailUrl":"https:\/\/www.eurekers.com\/cursosbolsa\/wp-content\/uploads\/2023\/06\/Alemania-recesio\u0301n.jpg","keywords":["Uni\u00f3n Europea","Alemania","recesi\u00f3n","macroeconomia"],"articleSection":["Noticias"],"inLanguage":"es","potentialAction":[{"@type":"CommentAction","name":"Comment","target":["https:\/\/www.eurekers.com\/cursosbolsa\/alemania-entra-en-recesion#respond"]}]},{"@type":"WebPage","@id":"https:\/\/www.eurekers.com\/cursosbolsa\/alemania-entra-en-recesion","url":"https:\/\/www.eurekers.com\/cursosbolsa\/alemania-entra-en-recesion","name":"Alemania entra en recesi\u00f3n - Eurekers","isPartOf":{"@id":"https:\/\/www.eurekers.com\/cursosbolsa\/#website"},"primaryImageOfPage":{"@id":"https:\/\/www.eurekers.com\/cursosbolsa\/alemania-entra-en-recesion#primaryimage"},"image":{"@id":"https:\/\/www.eurekers.com\/cursosbolsa\/alemania-entra-en-recesion#primaryimage"},"thumbnailUrl":"https:\/\/www.eurekers.com\/cursosbolsa\/wp-content\/uploads\/2023\/06\/Alemania-recesio\u0301n.jpg","datePublished":"2023-06-01T09:25:07+00:00","dateModified":"2026-04-12T14:51:04+00:00","description":"Alemania, primera econom\u00eda de Europa, entra en recesi\u00f3n tras registrar dos trimestres consecutivos de crecimiento econ\u00f3mico negativo.","breadcrumb":{"@id":"https:\/\/www.eurekers.com\/cursosbolsa\/alemania-entra-en-recesion#breadcrumb"},"inLanguage":"es","potentialAction":[{"@type":"ReadAction","target":["https:\/\/www.eurekers.com\/cursosbolsa\/alemania-entra-en-recesion"]}]},{"@type":"ImageObject","inLanguage":"es","@id":"https:\/\/www.eurekers.com\/cursosbolsa\/alemania-entra-en-recesion#primaryimage","url":"https:\/\/www.eurekers.com\/cursosbolsa\/wp-content\/uploads\/2023\/06\/Alemania-recesio\u0301n.jpg","contentUrl":"https:\/\/www.eurekers.com\/cursosbolsa\/wp-content\/uploads\/2023\/06\/Alemania-recesio\u0301n.jpg","width":726,"height":275,"caption":"Alemania, primera econom\u00eda de Europa, entra en recesi\u00f3n tras registrar dos trimestres consecutivos de crecimiento econ\u00f3mico negativo."},{"@type":"BreadcrumbList","@id":"https:\/\/www.eurekers.com\/cursosbolsa\/alemania-entra-en-recesion#breadcrumb","itemListElement":[{"@type":"ListItem","position":1,"name":"Portada","item":"https:\/\/www.eurekers.com\/cursosbolsa\/"},{"@type":"ListItem","position":2,"name":"Alemania entra en recesi\u00f3n"}]},{"@type":"WebSite","@id":"https:\/\/www.eurekers.com\/cursosbolsa\/#website","url":"https:\/\/www.eurekers.com\/cursosbolsa\/","name":"Blog de Bolsa - Eurekers","description":"Formaci\u00f3n y Comunidad de Bolsa","publisher":{"@id":"https:\/\/www.eurekers.com\/cursosbolsa\/#organization"},"potentialAction":[{"@type":"SearchAction","target":{"@type":"EntryPoint","urlTemplate":"https:\/\/www.eurekers.com\/cursosbolsa\/?s={search_term_string}"},"query-input":{"@type":"PropertyValueSpecification","valueRequired":true,"valueName":"search_term_string"}}],"inLanguage":"es"},{"@type":"Organization","@id":"https:\/\/www.eurekers.com\/cursosbolsa\/#organization","name":"Eurekers.com","url":"https:\/\/www.eurekers.com\/cursosbolsa\/","logo":{"@type":"ImageObject","inLanguage":"es","@id":"https:\/\/www.eurekers.com\/cursosbolsa\/#\/schema\/logo\/image\/","url":"https:\/\/www.eurekers.com\/cursosbolsa\/wp-content\/uploads\/2018\/10\/Anagrama.png","contentUrl":"https:\/\/www.eurekers.com\/cursosbolsa\/wp-content\/uploads\/2018\/10\/Anagrama.png","width":296,"height":274,"caption":"Eurekers.com"},"image":{"@id":"https:\/\/www.eurekers.com\/cursosbolsa\/#\/schema\/logo\/image\/"},"sameAs":["https:\/\/www.facebook.com\/eurekersbolsa","https:\/\/x.com\/eurekersbolsa","https:\/\/www.instagram.com\/eurekers\/"]},{"@type":"Person","@id":"https:\/\/www.eurekers.com\/cursosbolsa\/#\/schema\/person\/3f69752ea76301fe1d0d03b41cf01ce0","name":"Helena Garc\u00eda","image":{"@type":"ImageObject","inLanguage":"es","@id":"https:\/\/www.eurekers.com\/cursosbolsa\/#\/schema\/person\/image\/","url":"https:\/\/secure.gravatar.com\/avatar\/3f24279b7e4dd2fe2ed5cbee73552f0d?s=96&d=wp_user_avatar&r=g","contentUrl":"https:\/\/secure.gravatar.com\/avatar\/3f24279b7e4dd2fe2ed5cbee73552f0d?s=96&d=wp_user_avatar&r=g","caption":"Helena Garc\u00eda"},"url":"https:\/\/www.eurekers.com\/cursosbolsa\/author\/helenagarcia"}]}},"_links":{"self":[{"href":"https:\/\/www.eurekers.com\/cursosbolsa\/wp-json\/wp\/v2\/posts\/105136"}],"collection":[{"href":"https:\/\/www.eurekers.com\/cursosbolsa\/wp-json\/wp\/v2\/posts"}],"about":[{"href":"https:\/\/www.eurekers.com\/cursosbolsa\/wp-json\/wp\/v2\/types\/post"}],"author":[{"embeddable":true,"href":"https:\/\/www.eurekers.com\/cursosbolsa\/wp-json\/wp\/v2\/users\/17"}],"replies":[{"embeddable":true,"href":"https:\/\/www.eurekers.com\/cursosbolsa\/wp-json\/wp\/v2\/comments?post=105136"}],"version-history":[{"count":4,"href":"https:\/\/www.eurekers.com\/cursosbolsa\/wp-json\/wp\/v2\/posts\/105136\/revisions"}],"predecessor-version":[{"id":105483,"href":"https:\/\/www.eurekers.com\/cursosbolsa\/wp-json\/wp\/v2\/posts\/105136\/revisions\/105483"}],"wp:featuredmedia":[{"embeddable":true,"href":"https:\/\/www.eurekers.com\/cursosbolsa\/wp-json\/wp\/v2\/media\/105137"}],"wp:attachment":[{"href":"https:\/\/www.eurekers.com\/cursosbolsa\/wp-json\/wp\/v2\/media?parent=105136"}],"wp:term":[{"taxonomy":"category","embeddable":true,"href":"https:\/\/www.eurekers.com\/cursosbolsa\/wp-json\/wp\/v2\/categories?post=105136"},{"taxonomy":"post_tag","embeddable":true,"href":"https:\/\/www.eurekers.com\/cursosbolsa\/wp-json\/wp\/v2\/tags?post=105136"}],"curies":[{"name":"wp","href":"https:\/\/api.w.org\/{rel}","templated":true}]}}