{"id":103857,"date":"2022-04-20T15:19:01","date_gmt":"2022-04-20T15:19:01","guid":{"rendered":"https:\/\/blogeurekers.mercalabs.com\/?p=103857"},"modified":"2023-11-29T15:46:44","modified_gmt":"2023-11-29T15:46:44","slug":"por-que-la-inflacion-no-para-de-subir","status":"publish","type":"post","link":"https:\/\/www.eurekers.com\/cursosbolsa\/por-que-la-inflacion-no-para-de-subir","title":{"rendered":"\u00bfPor qu\u00e9 la inflaci\u00f3n no para de subir?"},"content":{"rendered":"\r\n<p>El <a href=\"https:\/\/www.eurekers.com\/cursosbolsa\/que-es-el-ipc-y-como-se-calcula\">IPC<\/a> se situ\u00f3 en marzo en torno al 9,8%, esto es la mayor <strong>inflaci\u00f3n<\/strong> interanual registrada en cuarenta a\u00f1os en Espa\u00f1a, ya que desde los ochenta no se viv\u00eda un periodo inflacionario tan brusco. Adem\u00e1s, \u00a0la inflaci\u00f3n media de la UE se ubic\u00f3 en torno al 5%, y en EEUU ya toca el 8%, por tanto, <strong>\u00bfPor qu\u00e9 est\u00e1 subiendo la inflaci\u00f3n?<\/strong>, \u00bfA qu\u00e9 se debe esta escalada?, \u00bfAcaso es como dijo el Presidente del Gobierno de Espa\u00f1a, Pedro S\u00e1nchez, \u201cpor culpa de la guerra ilegal de Putin\u201d?<\/p>\r\n\r\n\r\n\r\n<p>Realmente es por una combinaci\u00f3n de factores que han convergido y afectan tanto desde el lado de la oferta, como desde el lado de la demanda. S\u00ed, entre ellos, la invasi\u00f3n rusa a Ucrania ha ayudado, pero ni siquiera es el factor determinante. As\u00ed pues, si quieres saber <strong>por qu\u00e9 la inflaci\u00f3n no para de subir<\/strong>, y posiblemente siga en tasas del 10%-13% hasta, como m\u00ednimo los meses de verano, sigue leyendo, porque este post, si que te interesa.<\/p>\r\n\r\n\r\n\r\n<h2 class=\"wp-block-heading\">Factores que hacen subir la inflaci\u00f3n desde el lado de la oferta<\/h2>\r\n\r\n\r\n\r\n<p>En primer lugar, vamos a ver los <strong>motivos por los que est\u00e1 subiendo la inflaci\u00f3n desde el lado de la oferta<\/strong>. Lo m\u00e1s destacable de todo, es que es un c\u00famulo de factores que han convergido por ineficiencia de nuestra burocracia europea.<\/p>\r\n\r\n\r\n\r\n<h3 class=\"wp-block-heading\">Tipos de inter\u00e9s bajos y f\u00e1cil endeudamiento<\/h3>\r\n\r\n\r\n\r\n<p>Corr\u00eda el verano de 2012 cuando Mario Draghi, entonces presidente del BCE (<a href=\"https:\/\/www.eurekers.com\/cursosbolsa\/que-es-el-banco-central-europeo-bce\">Banco Central Europeo<\/a>), dijo:<strong> \u201c<\/strong><em>El BCE est\u00e1 dispuesto a hacer lo que sea necesario para preservar el\u00a0euro.<\/em> Y cr\u00e9anme, ser\u00e1 suficiente\u201d. Comenz\u00f3 una etapa de endeudamiento muy barato, a tipos muy cercanos a cero, y permisibilidad bastante m\u00e1s laxa en el d\u00e9ficit p\u00fablico de los estados soberanos, o dicho de otro modo, los estados pod\u00edan gastar, no atendiendo tanto a su cuenta de resultados.<\/p>\r\n\r\n\r\n\r\n<p>Durante a\u00f1os pareci\u00f3 darse con la f\u00f3rmula m\u00e1gica, se imprim\u00eda dinero, el endeudamiento se dispar\u00f3, y sin embargo, la inflaci\u00f3n estaba completamente contenida. En este contexto en marzo de 2020 lleg\u00f3 la pandemia, por lo que <strong>se redujeron m\u00e1s a\u00fan los tipos de inter\u00e9s (al 0%)<\/strong> y tal vez con raz\u00f3n, se <strong>dio manga ancha al endeudamiento<\/strong> masivo. Espa\u00f1a en dos a\u00f1os increment\u00f3 su deuda un 20%, Francia otro 20%, Italia un 10%, y hasta Alemania un 15%. Es decir, los Estados y los agentes privados, fruto del endeudamiento gratuito, empezaron a gastar y endeudarse, mucho m\u00e1s de lo que era sostenible.<\/p>\r\n\r\n\r\n\r\n<h3 class=\"wp-block-heading\">Crisis en la oferta mundial: Atasco log\u00edstico y microprocesadores insuficientes<\/h3>\r\n\r\n\r\n\r\n<p>As\u00ed pues, con la llegada de la pandemia, el sistema se par\u00f3 por completo. Sin embargo, no es lo mismo cesar la producci\u00f3n y parar la f\u00e1brica, que reactivarla, todo cuesta mucho m\u00e1s. Este hecho, produjo un <strong>atasco log\u00edstico<\/strong>, en el que las cosas no terminaban de llegar una vez los pedidos estaban hechos. No hab\u00eda barcos operativos, la producci\u00f3n de gas\u00f3leo se hab\u00eda detenido, tampoco hab\u00eda contenedores, y hasta el precio del embalaje de cart\u00f3n se hab\u00eda disparado. Todo ello, junto con la mayor capacidad de gasto y endeudamiento, hizo incrementar el precio de los bienes comprados en el mercado internacional.<\/p>\r\n\r\n\r\n\r\n<p>En este punto, tambi\u00e9n podr\u00edamos incluir<strong> la crisis en el mercado de los microprocesadores<\/strong>. Y es que pr\u00e1cticamente cada aparato el\u00e9ctrico que usamos en el d\u00eda a d\u00eda, requiere un microchip; coches, electrodom\u00e9sticos, m\u00f3viles, consolas\u2026 \u00a1todo!. Reactivarlo produjo intensos <strong>cuellos de botella en el mercado de los bienes tecnol\u00f3gicos de consumo<\/strong>, que tambi\u00e9n se tradujeron en alzas en los precios, y lo peor de todo es que aunque hoy ya se producen m\u00e1s microprocesadores que antes de la pandemia, todav\u00eda no es suficiente y la soluci\u00f3n es largoplacista. A\u00fan as\u00ed, en este sentido estamos de enhorabuena, pues para 2024, ya se han anunciado important\u00edsimas inversiones para relocalizar parte de la producci\u00f3n tanto en EEUU, como en la UE (que aspira a producir el 20% de los chips mundiales para 2030). Hasta Espa\u00f1a quiere subirse al carro de los microprocesadores, para lo que ya hay anunciadas inversiones p\u00fablicas millonarias.<\/p>\r\n\r\n\r\n\r\n<h3 class=\"wp-block-heading\">Crisis en el mercado energ\u00e9tico<\/h3>\r\n\r\n\r\n\r\n<p>En general, la <strong>falta de fuentes de energ\u00eda baratas<\/strong> como centrales nucleares, <strong>ligada a los constante anuncios <\/strong>por parte de los pa\u00edses occidentales <strong>de ser pr\u00e1cticamente auto sostenibles de cara a 2030 <\/strong>y lograr las cero emisiones netas en 2050, habr\u00edan hecho que los pa\u00edses productores de <a href=\"https:\/\/www.eurekers.com\/cursosbolsa\/cual-es-el-papel-de-las-materias-primas-en-el-mercado\">materias primas<\/a> dejaran de expandir sus campos de gas (principal activo para la producci\u00f3n de luz) y pozos de petr\u00f3leo.<\/p>\r\n\r\n\r\n\r\n<p>No obstante, aunque los anuncios eran de dejar de consumir \u201cenerg\u00eda sucia\u201d de cara a futuro, en el momento presente se segu\u00edan demandando con bastante intensidad. Menor n\u00famero de metros c\u00fabicos de campos desarrollados, ligados a una misma o mayor demanda de energ\u00eda, increment\u00f3 los precios de la misma. As\u00ed, para septiembre de 2021, el precio del gas era m\u00e1s de un 100% superior al precio en septiembre de 2019 en los mercados internacionales.\u00a0 Y m\u00e1s de lo mismo ocurr\u00eda con el petr\u00f3leo, el precio del barril de Brent se dispar\u00f3 al rango 70$-80$, cuando en septiembre de 2019, pod\u00eda encontrarse en el rango de los 60$-63$. Con todo, <strong>energ\u00eda mucho m\u00e1s cara<\/strong>, que era transmitida a toda la cadena de valor, por ende, <strong>precios m\u00e1s altos.<\/strong><\/p>\r\n\r\n\r\n\r\n<p>Y en esta tesitura de constantes alzas en los precios de la energ\u00eda, en febrero de 2022, estall\u00f3 la <strong>invasi\u00f3n rusa sobre Ucrania<\/strong>, con la particularidad de que Rusia era el principal proveedor de gas y petr\u00f3leo de la Uni\u00f3n Europea. Con unas relaciones diplom\u00e1ticas completamente rotas <strong>y el cese de parte de la actividad exportadora rusa, el precio de la energ\u00eda ha continuado encareci\u00e9ndose todav\u00eda m\u00e1s. <\/strong>Por ello, se han encarecido m\u00e1s a\u00fan los precios, y eso que Espa\u00f1a es relativamente independiente de Rusia. Por tanto, vemos como la guerra no ha sido el \u00fanico motivo, y de hecho, ni siquiera la raz\u00f3n fundamental, como a continuaci\u00f3n veremos.<\/p>\r\n\r\n\r\n\r\n<h2 class=\"wp-block-heading\">Principal factor que hace incrementar la inflaci\u00f3n, desde el lado de la demanda<\/h2>\r\n\r\n\r\n\r\n<p>Y en segundo, vamos a ver el principal <strong>motivo por el que est\u00e1 subiendo la inflaci\u00f3n desde el lado de la demanda<\/strong>. Lo m\u00e1s destacable de todo, es que Espa\u00f1a es el pa\u00eds de la UE donde la inflaci\u00f3n m\u00e1s ha subido debido al cortoplacismo en el vive nuestra clase pol\u00edtica nacional.<\/p>\r\n\r\n\r\n\r\n<h3 class=\"wp-block-heading\">La impresora de billetes y el expansionismo del Estado de Bienestar<\/h3>\r\n\r\n\r\n\r\n<p>Hasta ahora hemos comentado causas que afectan m\u00e1s o menos igual a todos los pa\u00edses miembros; la energ\u00eda, el atasco log\u00edstico, los tipos de inter\u00e9s\u2026 Entonces, <strong>\u00bfPor qu\u00e9 Espa\u00f1a registra la mayor tasa de inflaci\u00f3n de la eurozona?<\/strong><\/p>\r\n\r\n\r\n\r\n<p>La explicaci\u00f3n la encontramos en que el Estado espa\u00f1ol, no es solo uno de los que m\u00e1s se ha endeudado desde la llegada de la pandemia, si no en que desde <strong>el Gobierno se ha realizado un expansionismo monetario sin precedentes<\/strong>, el cual ha mejorado (o mantenido, sin pedir nada a cambio) la capacidad de consumo de aproximadamente 15 millones de personas y sus familias, (por lo que seguramente hablemos de alg\u00fan mill\u00f3n m\u00e1s).<\/p>\r\n\r\n\r\n\r\n<p>De esta forma, tenemos:<\/p>\r\n\r\n\r\n\r\n<ul class=\"wp-block-list\">\r\n<li>Las <strong>pensiones est\u00e1n indexadas al IPC<\/strong>. A\u00a0partir del a\u00f1o 2023, los casi diez millones de jubilados no ver\u00e1n mermada su capacidad de consumo ni un \u00e1pice.<\/li>\r\n<li>Hasta marzo de 2022 hab\u00eda todav\u00eda <strong>m\u00e1s de 100.000 personas cobrando los ertes<\/strong> aunque su trabajo ya no existiera<\/li>\r\n<li>La <strong>contrataci\u00f3n de 130.000 nuevos empleados p\u00fabicos<\/strong> tras la pandemia, lo que situa en abril de 2022 el n\u00famero de funcionarios en m\u00e1ximos hist\u00f3ricos.<\/li>\r\n<li>Adem\u00e1s, tambi\u00e9n podr\u00edamos tener en cuenta otros gastos milmillonarios completamente superfluos que, en realidad, poca poblaci\u00f3n los estaba demandando, y s\u00ed \u201cmuchos y muchas amiguetes y amiguetas\u201d. En fin, <strong>keynesianismo puro<\/strong>.<\/li>\r\n<\/ul>\r\n<h2>Conclusi\u00f3n<\/h2>\r\n\r\n\r\n\r\n<p>Con todo, mientras la mayor\u00eda de Estados se habr\u00edan endeudado para poder bajar impuestos (y ayudar a su ciudadan\u00eda a combatir la inflaci\u00f3n), sin reducir la calidad de los servicios p\u00fablicos, mientras se reajustaba su econom\u00eda, <strong>Espa\u00f1a simplemente se habr\u00eda endeudado con moneda de reciente creaci\u00f3n, para pagar el gasto corriente y creciente del Estado<\/strong>. Es decir, no ha sido para salvar la situaci\u00f3n, mientras reestructur\u00e1bamos nuestra econom\u00eda, si no para introducir mayor masa monetaria y calmar moment\u00e1neamente las aguas. Y es algo tan simple como que <strong>al haber mayor dinero en circulaci\u00f3n, la divisa vale menos. Por ende, los bienes y servicios de consumo cuestan m\u00e1s.<\/strong><\/p>\r\n\r\n\r\n\r\n<p>En definitiva, un conjunto de causas externan que han afectado a todos los pa\u00edses de nuestro entono. Ligado al expansionismo del Estado de Bienestar sin l\u00edmites son las razones que explican <strong>por qu\u00e9 est\u00e1 subiendo la inflaci\u00f3n<\/strong> m\u00e1s en Espa\u00f1a que en el resto de Estados de nuestro entorno.<\/p>","protected":false},"excerpt":{"rendered":"<p>\u00bfPor qu\u00e9 est\u00e1 subiendo la inflaci\u00f3n? En este art\u00edculo te explicamos los porqu\u00e9s de este fen\u00f3meno<\/p>\n","protected":false},"author":14,"featured_media":103858,"comment_status":"open","ping_status":"closed","sticky":false,"template":"","format":"standard","meta":{"_joinchat":[],"footnotes":""},"categories":[210],"tags":[338,387,513],"class_list":["post-103857","post","type-post","status-publish","format-standard","has-post-thumbnail","hentry","category-invertir-en-bolsa","tag-inflacion-2","tag-economia-2","tag-crecimiento"],"yoast_head":"<!-- This site is optimized with the Yoast SEO plugin v25.5 - https:\/\/yoast.com\/wordpress\/plugins\/seo\/ -->\n<title>\u00bfPor qu\u00e9 la inflaci\u00f3n no para de subir? - Eurekers<\/title>\n<meta name=\"description\" content=\"\u00bfPor qu\u00e9 la Inflaci\u00f3n NO PARA DE SUBIR? | Te explicamos los porqu\u00e9s de este fen\u00f3meno | Aprende a invertir en bolsa con Eurekers\" \/>\n<meta name=\"robots\" content=\"index, follow, max-snippet:-1, max-image-preview:large, max-video-preview:-1\" \/>\n<link rel=\"canonical\" href=\"https:\/\/www.eurekers.com\/cursosbolsa\/por-que-la-inflacion-no-para-de-subir\" \/>\n<meta property=\"og:locale\" content=\"es_ES\" \/>\n<meta property=\"og:type\" content=\"article\" \/>\n<meta property=\"og:title\" content=\"\u00bfPor qu\u00e9 la inflaci\u00f3n no para de subir? - Eurekers\" \/>\n<meta property=\"og:description\" content=\"\u00bfPor qu\u00e9 la Inflaci\u00f3n NO PARA DE SUBIR? | Te explicamos los porqu\u00e9s de este fen\u00f3meno | Aprende a invertir en bolsa con Eurekers\" \/>\n<meta property=\"og:url\" content=\"https:\/\/www.eurekers.com\/cursosbolsa\/por-que-la-inflacion-no-para-de-subir\" \/>\n<meta property=\"og:site_name\" content=\"Blog de Bolsa - Eurekers\" \/>\n<meta property=\"article:publisher\" content=\"https:\/\/www.facebook.com\/eurekersbolsa\" \/>\n<meta property=\"article:published_time\" content=\"2022-04-20T15:19:01+00:00\" \/>\n<meta property=\"article:modified_time\" content=\"2023-11-29T15:46:44+00:00\" \/>\n<meta property=\"og:image\" content=\"https:\/\/www.eurekers.com\/cursosbolsa\/wp-content\/uploads\/2022\/04\/Por-que-no-para-de-subir-la-inflacion.png\" \/>\n\t<meta property=\"og:image:width\" content=\"726\" \/>\n\t<meta property=\"og:image:height\" content=\"275\" \/>\n\t<meta property=\"og:image:type\" content=\"image\/png\" \/>\n<meta name=\"author\" content=\"Jos\u00e9 Vicente\" \/>\n<meta name=\"twitter:card\" content=\"summary_large_image\" \/>\n<meta name=\"twitter:creator\" content=\"@eurekersbolsa\" \/>\n<meta name=\"twitter:site\" content=\"@eurekersbolsa\" \/>\n<meta name=\"twitter:label1\" content=\"Escrito por\" \/>\n\t<meta name=\"twitter:data1\" content=\"Jos\u00e9 Vicente\" \/>\n\t<meta name=\"twitter:label2\" content=\"Tiempo de lectura\" \/>\n\t<meta name=\"twitter:data2\" content=\"7 minutos\" \/>\n<script type=\"application\/ld+json\" class=\"yoast-schema-graph\">{\"@context\":\"https:\/\/schema.org\",\"@graph\":[{\"@type\":\"Article\",\"@id\":\"https:\/\/www.eurekers.com\/cursosbolsa\/por-que-la-inflacion-no-para-de-subir#article\",\"isPartOf\":{\"@id\":\"https:\/\/www.eurekers.com\/cursosbolsa\/por-que-la-inflacion-no-para-de-subir\"},\"author\":{\"name\":\"Jos\u00e9 Vicente\",\"@id\":\"https:\/\/www.eurekers.com\/cursosbolsa\/#\/schema\/person\/e8c39211cab2b01cdeeb3ca6855832fc\"},\"headline\":\"\u00bfPor qu\u00e9 la inflaci\u00f3n no para de subir?\",\"datePublished\":\"2022-04-20T15:19:01+00:00\",\"dateModified\":\"2023-11-29T15:46:44+00:00\",\"mainEntityOfPage\":{\"@id\":\"https:\/\/www.eurekers.com\/cursosbolsa\/por-que-la-inflacion-no-para-de-subir\"},\"wordCount\":1568,\"commentCount\":0,\"publisher\":{\"@id\":\"https:\/\/www.eurekers.com\/cursosbolsa\/#organization\"},\"image\":{\"@id\":\"https:\/\/www.eurekers.com\/cursosbolsa\/por-que-la-inflacion-no-para-de-subir#primaryimage\"},\"thumbnailUrl\":\"https:\/\/www.eurekers.com\/cursosbolsa\/wp-content\/uploads\/2022\/04\/Por-que-no-para-de-subir-la-inflacion.png\",\"keywords\":[\"inflaci\u00f3n\",\"economia\",\"crecimiento\"],\"articleSection\":[\"Invertir en bolsa\"],\"inLanguage\":\"es\",\"potentialAction\":[{\"@type\":\"CommentAction\",\"name\":\"Comment\",\"target\":[\"https:\/\/www.eurekers.com\/cursosbolsa\/por-que-la-inflacion-no-para-de-subir#respond\"]}]},{\"@type\":\"WebPage\",\"@id\":\"https:\/\/www.eurekers.com\/cursosbolsa\/por-que-la-inflacion-no-para-de-subir\",\"url\":\"https:\/\/www.eurekers.com\/cursosbolsa\/por-que-la-inflacion-no-para-de-subir\",\"name\":\"\u00bfPor qu\u00e9 la inflaci\u00f3n no para de subir? - Eurekers\",\"isPartOf\":{\"@id\":\"https:\/\/www.eurekers.com\/cursosbolsa\/#website\"},\"primaryImageOfPage\":{\"@id\":\"https:\/\/www.eurekers.com\/cursosbolsa\/por-que-la-inflacion-no-para-de-subir#primaryimage\"},\"image\":{\"@id\":\"https:\/\/www.eurekers.com\/cursosbolsa\/por-que-la-inflacion-no-para-de-subir#primaryimage\"},\"thumbnailUrl\":\"https:\/\/www.eurekers.com\/cursosbolsa\/wp-content\/uploads\/2022\/04\/Por-que-no-para-de-subir-la-inflacion.png\",\"datePublished\":\"2022-04-20T15:19:01+00:00\",\"dateModified\":\"2023-11-29T15:46:44+00:00\",\"description\":\"\u00bfPor qu\u00e9 la Inflaci\u00f3n NO PARA DE SUBIR? | Te explicamos los porqu\u00e9s de este fen\u00f3meno | Aprende a invertir en bolsa con Eurekers\",\"breadcrumb\":{\"@id\":\"https:\/\/www.eurekers.com\/cursosbolsa\/por-que-la-inflacion-no-para-de-subir#breadcrumb\"},\"inLanguage\":\"es\",\"potentialAction\":[{\"@type\":\"ReadAction\",\"target\":[\"https:\/\/www.eurekers.com\/cursosbolsa\/por-que-la-inflacion-no-para-de-subir\"]}]},{\"@type\":\"ImageObject\",\"inLanguage\":\"es\",\"@id\":\"https:\/\/www.eurekers.com\/cursosbolsa\/por-que-la-inflacion-no-para-de-subir#primaryimage\",\"url\":\"https:\/\/www.eurekers.com\/cursosbolsa\/wp-content\/uploads\/2022\/04\/Por-que-no-para-de-subir-la-inflacion.png\",\"contentUrl\":\"https:\/\/www.eurekers.com\/cursosbolsa\/wp-content\/uploads\/2022\/04\/Por-que-no-para-de-subir-la-inflacion.png\",\"width\":726,\"height\":275,\"caption\":\"Por qu\u00e9 no para de subir la inflaci\u00f3n\"},{\"@type\":\"BreadcrumbList\",\"@id\":\"https:\/\/www.eurekers.com\/cursosbolsa\/por-que-la-inflacion-no-para-de-subir#breadcrumb\",\"itemListElement\":[{\"@type\":\"ListItem\",\"position\":1,\"name\":\"Portada\",\"item\":\"https:\/\/www.eurekers.com\/cursosbolsa\/\"},{\"@type\":\"ListItem\",\"position\":2,\"name\":\"\u00bfPor qu\u00e9 la inflaci\u00f3n no para de subir?\"}]},{\"@type\":\"WebSite\",\"@id\":\"https:\/\/www.eurekers.com\/cursosbolsa\/#website\",\"url\":\"https:\/\/www.eurekers.com\/cursosbolsa\/\",\"name\":\"Blog de Bolsa - Eurekers\",\"description\":\"Formaci\u00f3n y Comunidad de Bolsa\",\"publisher\":{\"@id\":\"https:\/\/www.eurekers.com\/cursosbolsa\/#organization\"},\"potentialAction\":[{\"@type\":\"SearchAction\",\"target\":{\"@type\":\"EntryPoint\",\"urlTemplate\":\"https:\/\/www.eurekers.com\/cursosbolsa\/?s={search_term_string}\"},\"query-input\":{\"@type\":\"PropertyValueSpecification\",\"valueRequired\":true,\"valueName\":\"search_term_string\"}}],\"inLanguage\":\"es\"},{\"@type\":\"Organization\",\"@id\":\"https:\/\/www.eurekers.com\/cursosbolsa\/#organization\",\"name\":\"Eurekers.com\",\"url\":\"https:\/\/www.eurekers.com\/cursosbolsa\/\",\"logo\":{\"@type\":\"ImageObject\",\"inLanguage\":\"es\",\"@id\":\"https:\/\/www.eurekers.com\/cursosbolsa\/#\/schema\/logo\/image\/\",\"url\":\"https:\/\/www.eurekers.com\/cursosbolsa\/wp-content\/uploads\/2018\/10\/Anagrama.png\",\"contentUrl\":\"https:\/\/www.eurekers.com\/cursosbolsa\/wp-content\/uploads\/2018\/10\/Anagrama.png\",\"width\":296,\"height\":274,\"caption\":\"Eurekers.com\"},\"image\":{\"@id\":\"https:\/\/www.eurekers.com\/cursosbolsa\/#\/schema\/logo\/image\/\"},\"sameAs\":[\"https:\/\/www.facebook.com\/eurekersbolsa\",\"https:\/\/x.com\/eurekersbolsa\",\"https:\/\/www.instagram.com\/eurekers\/\"]},{\"@type\":\"Person\",\"@id\":\"https:\/\/www.eurekers.com\/cursosbolsa\/#\/schema\/person\/e8c39211cab2b01cdeeb3ca6855832fc\",\"name\":\"Jos\u00e9 Vicente\",\"image\":{\"@type\":\"ImageObject\",\"inLanguage\":\"es\",\"@id\":\"https:\/\/www.eurekers.com\/cursosbolsa\/#\/schema\/person\/image\/\",\"url\":\"https:\/\/secure.gravatar.com\/avatar\/bf1cbfd7fa8048502d55adb2eec79976?s=96&d=wp_user_avatar&r=g\",\"contentUrl\":\"https:\/\/secure.gravatar.com\/avatar\/bf1cbfd7fa8048502d55adb2eec79976?s=96&d=wp_user_avatar&r=g\",\"caption\":\"Jos\u00e9 Vicente\"},\"url\":\"https:\/\/www.eurekers.com\/cursosbolsa\/author\/josevi\"}]}<\/script>\n<!-- \/ Yoast SEO plugin. -->","yoast_head_json":{"title":"\u00bfPor qu\u00e9 la inflaci\u00f3n no para de subir? - Eurekers","description":"\u00bfPor qu\u00e9 la Inflaci\u00f3n NO PARA DE SUBIR? | Te explicamos los porqu\u00e9s de este fen\u00f3meno | Aprende a invertir en bolsa con Eurekers","robots":{"index":"index","follow":"follow","max-snippet":"max-snippet:-1","max-image-preview":"max-image-preview:large","max-video-preview":"max-video-preview:-1"},"canonical":"https:\/\/www.eurekers.com\/cursosbolsa\/por-que-la-inflacion-no-para-de-subir","og_locale":"es_ES","og_type":"article","og_title":"\u00bfPor qu\u00e9 la inflaci\u00f3n no para de subir? - Eurekers","og_description":"\u00bfPor qu\u00e9 la Inflaci\u00f3n NO PARA DE SUBIR? | Te explicamos los porqu\u00e9s de este fen\u00f3meno | Aprende a invertir en bolsa con Eurekers","og_url":"https:\/\/www.eurekers.com\/cursosbolsa\/por-que-la-inflacion-no-para-de-subir","og_site_name":"Blog de Bolsa - Eurekers","article_publisher":"https:\/\/www.facebook.com\/eurekersbolsa","article_published_time":"2022-04-20T15:19:01+00:00","article_modified_time":"2023-11-29T15:46:44+00:00","og_image":[{"width":726,"height":275,"url":"https:\/\/www.eurekers.com\/cursosbolsa\/wp-content\/uploads\/2022\/04\/Por-que-no-para-de-subir-la-inflacion.png","type":"image\/png"}],"author":"Jos\u00e9 Vicente","twitter_card":"summary_large_image","twitter_creator":"@eurekersbolsa","twitter_site":"@eurekersbolsa","twitter_misc":{"Escrito por":"Jos\u00e9 Vicente","Tiempo de lectura":"7 minutos"},"schema":{"@context":"https:\/\/schema.org","@graph":[{"@type":"Article","@id":"https:\/\/www.eurekers.com\/cursosbolsa\/por-que-la-inflacion-no-para-de-subir#article","isPartOf":{"@id":"https:\/\/www.eurekers.com\/cursosbolsa\/por-que-la-inflacion-no-para-de-subir"},"author":{"name":"Jos\u00e9 Vicente","@id":"https:\/\/www.eurekers.com\/cursosbolsa\/#\/schema\/person\/e8c39211cab2b01cdeeb3ca6855832fc"},"headline":"\u00bfPor qu\u00e9 la inflaci\u00f3n no para de subir?","datePublished":"2022-04-20T15:19:01+00:00","dateModified":"2023-11-29T15:46:44+00:00","mainEntityOfPage":{"@id":"https:\/\/www.eurekers.com\/cursosbolsa\/por-que-la-inflacion-no-para-de-subir"},"wordCount":1568,"commentCount":0,"publisher":{"@id":"https:\/\/www.eurekers.com\/cursosbolsa\/#organization"},"image":{"@id":"https:\/\/www.eurekers.com\/cursosbolsa\/por-que-la-inflacion-no-para-de-subir#primaryimage"},"thumbnailUrl":"https:\/\/www.eurekers.com\/cursosbolsa\/wp-content\/uploads\/2022\/04\/Por-que-no-para-de-subir-la-inflacion.png","keywords":["inflaci\u00f3n","economia","crecimiento"],"articleSection":["Invertir en bolsa"],"inLanguage":"es","potentialAction":[{"@type":"CommentAction","name":"Comment","target":["https:\/\/www.eurekers.com\/cursosbolsa\/por-que-la-inflacion-no-para-de-subir#respond"]}]},{"@type":"WebPage","@id":"https:\/\/www.eurekers.com\/cursosbolsa\/por-que-la-inflacion-no-para-de-subir","url":"https:\/\/www.eurekers.com\/cursosbolsa\/por-que-la-inflacion-no-para-de-subir","name":"\u00bfPor qu\u00e9 la inflaci\u00f3n no para de subir? - Eurekers","isPartOf":{"@id":"https:\/\/www.eurekers.com\/cursosbolsa\/#website"},"primaryImageOfPage":{"@id":"https:\/\/www.eurekers.com\/cursosbolsa\/por-que-la-inflacion-no-para-de-subir#primaryimage"},"image":{"@id":"https:\/\/www.eurekers.com\/cursosbolsa\/por-que-la-inflacion-no-para-de-subir#primaryimage"},"thumbnailUrl":"https:\/\/www.eurekers.com\/cursosbolsa\/wp-content\/uploads\/2022\/04\/Por-que-no-para-de-subir-la-inflacion.png","datePublished":"2022-04-20T15:19:01+00:00","dateModified":"2023-11-29T15:46:44+00:00","description":"\u00bfPor qu\u00e9 la Inflaci\u00f3n NO PARA DE SUBIR? | Te explicamos los porqu\u00e9s de este fen\u00f3meno | Aprende a invertir en bolsa con Eurekers","breadcrumb":{"@id":"https:\/\/www.eurekers.com\/cursosbolsa\/por-que-la-inflacion-no-para-de-subir#breadcrumb"},"inLanguage":"es","potentialAction":[{"@type":"ReadAction","target":["https:\/\/www.eurekers.com\/cursosbolsa\/por-que-la-inflacion-no-para-de-subir"]}]},{"@type":"ImageObject","inLanguage":"es","@id":"https:\/\/www.eurekers.com\/cursosbolsa\/por-que-la-inflacion-no-para-de-subir#primaryimage","url":"https:\/\/www.eurekers.com\/cursosbolsa\/wp-content\/uploads\/2022\/04\/Por-que-no-para-de-subir-la-inflacion.png","contentUrl":"https:\/\/www.eurekers.com\/cursosbolsa\/wp-content\/uploads\/2022\/04\/Por-que-no-para-de-subir-la-inflacion.png","width":726,"height":275,"caption":"Por qu\u00e9 no para de subir la inflaci\u00f3n"},{"@type":"BreadcrumbList","@id":"https:\/\/www.eurekers.com\/cursosbolsa\/por-que-la-inflacion-no-para-de-subir#breadcrumb","itemListElement":[{"@type":"ListItem","position":1,"name":"Portada","item":"https:\/\/www.eurekers.com\/cursosbolsa\/"},{"@type":"ListItem","position":2,"name":"\u00bfPor qu\u00e9 la inflaci\u00f3n no para de subir?"}]},{"@type":"WebSite","@id":"https:\/\/www.eurekers.com\/cursosbolsa\/#website","url":"https:\/\/www.eurekers.com\/cursosbolsa\/","name":"Blog de Bolsa - Eurekers","description":"Formaci\u00f3n y Comunidad de Bolsa","publisher":{"@id":"https:\/\/www.eurekers.com\/cursosbolsa\/#organization"},"potentialAction":[{"@type":"SearchAction","target":{"@type":"EntryPoint","urlTemplate":"https:\/\/www.eurekers.com\/cursosbolsa\/?s={search_term_string}"},"query-input":{"@type":"PropertyValueSpecification","valueRequired":true,"valueName":"search_term_string"}}],"inLanguage":"es"},{"@type":"Organization","@id":"https:\/\/www.eurekers.com\/cursosbolsa\/#organization","name":"Eurekers.com","url":"https:\/\/www.eurekers.com\/cursosbolsa\/","logo":{"@type":"ImageObject","inLanguage":"es","@id":"https:\/\/www.eurekers.com\/cursosbolsa\/#\/schema\/logo\/image\/","url":"https:\/\/www.eurekers.com\/cursosbolsa\/wp-content\/uploads\/2018\/10\/Anagrama.png","contentUrl":"https:\/\/www.eurekers.com\/cursosbolsa\/wp-content\/uploads\/2018\/10\/Anagrama.png","width":296,"height":274,"caption":"Eurekers.com"},"image":{"@id":"https:\/\/www.eurekers.com\/cursosbolsa\/#\/schema\/logo\/image\/"},"sameAs":["https:\/\/www.facebook.com\/eurekersbolsa","https:\/\/x.com\/eurekersbolsa","https:\/\/www.instagram.com\/eurekers\/"]},{"@type":"Person","@id":"https:\/\/www.eurekers.com\/cursosbolsa\/#\/schema\/person\/e8c39211cab2b01cdeeb3ca6855832fc","name":"Jos\u00e9 Vicente","image":{"@type":"ImageObject","inLanguage":"es","@id":"https:\/\/www.eurekers.com\/cursosbolsa\/#\/schema\/person\/image\/","url":"https:\/\/secure.gravatar.com\/avatar\/bf1cbfd7fa8048502d55adb2eec79976?s=96&d=wp_user_avatar&r=g","contentUrl":"https:\/\/secure.gravatar.com\/avatar\/bf1cbfd7fa8048502d55adb2eec79976?s=96&d=wp_user_avatar&r=g","caption":"Jos\u00e9 Vicente"},"url":"https:\/\/www.eurekers.com\/cursosbolsa\/author\/josevi"}]}},"_links":{"self":[{"href":"https:\/\/www.eurekers.com\/cursosbolsa\/wp-json\/wp\/v2\/posts\/103857"}],"collection":[{"href":"https:\/\/www.eurekers.com\/cursosbolsa\/wp-json\/wp\/v2\/posts"}],"about":[{"href":"https:\/\/www.eurekers.com\/cursosbolsa\/wp-json\/wp\/v2\/types\/post"}],"author":[{"embeddable":true,"href":"https:\/\/www.eurekers.com\/cursosbolsa\/wp-json\/wp\/v2\/users\/14"}],"replies":[{"embeddable":true,"href":"https:\/\/www.eurekers.com\/cursosbolsa\/wp-json\/wp\/v2\/comments?post=103857"}],"version-history":[{"count":5,"href":"https:\/\/www.eurekers.com\/cursosbolsa\/wp-json\/wp\/v2\/posts\/103857\/revisions"}],"predecessor-version":[{"id":105489,"href":"https:\/\/www.eurekers.com\/cursosbolsa\/wp-json\/wp\/v2\/posts\/103857\/revisions\/105489"}],"wp:featuredmedia":[{"embeddable":true,"href":"https:\/\/www.eurekers.com\/cursosbolsa\/wp-json\/wp\/v2\/media\/103858"}],"wp:attachment":[{"href":"https:\/\/www.eurekers.com\/cursosbolsa\/wp-json\/wp\/v2\/media?parent=103857"}],"wp:term":[{"taxonomy":"category","embeddable":true,"href":"https:\/\/www.eurekers.com\/cursosbolsa\/wp-json\/wp\/v2\/categories?post=103857"},{"taxonomy":"post_tag","embeddable":true,"href":"https:\/\/www.eurekers.com\/cursosbolsa\/wp-json\/wp\/v2\/tags?post=103857"}],"curies":[{"name":"wp","href":"https:\/\/api.w.org\/{rel}","templated":true}]}}